{"id":15083,"date":"2025-08-28T01:22:34","date_gmt":"2025-08-28T01:22:34","guid":{"rendered":"https:\/\/infozamoraec.com\/?p=15083"},"modified":"2025-08-28T01:22:34","modified_gmt":"2025-08-28T01:22:34","slug":"policia-nacional-investiga-detonaciones-con-artefacto-explosivo-en-yantzaza-y-recupera-vehiculo-reportado-como-robado","status":"publish","type":"post","link":"https:\/\/infozamoraec.com\/index.php\/2025\/08\/28\/policia-nacional-investiga-detonaciones-con-artefacto-explosivo-en-yantzaza-y-recupera-vehiculo-reportado-como-robado\/","title":{"rendered":"Polic\u00eda Nacional investiga detonaciones con artefacto explosivo en Yantzaza y recupera veh\u00edculo reportado como robado."},"content":{"rendered":"<p>La Polic\u00eda Nacional del Ecuador activ\u00f3 de manera inmediata sus unidades tras una alerta del ECU 911 por detonaciones registradas la noche del 26 de agosto en las calles Jos\u00e9 Arcentales y Armando Arias, en Yantzaza. En el lugar se verificaron da\u00f1os materiales en dos locales comerciales, sin registrarse personas heridas. Los propietarios indicaron no haber recibido amenazas ni extorsiones.<\/p>\n<p>Durante los patrullajes ejecutados la ma\u00f1ana del 27 de agosto en la \u201cY\u201d de San Pedro, se localiz\u00f3 una camioneta roja, marca Mazda, vinculada al hecho. Tras las verificaciones en el sistema SIIPNE 3W, se confirm\u00f3 que el veh\u00edculo hab\u00eda sido reportado como robado el 26 de agosto en Machala. El automotor fue recuperado y trasladado bajo cadena de custodia.<\/p>\n<p>Actualmente, las unidades investigativas y de inteligencia contin\u00faan con el an\u00e1lisis de c\u00e1maras de videovigilancia para identificar a los responsables. La Polic\u00eda Nacional ratifica su compromiso de garantizar la seguridad ciudadana a trav\u00e9s de acciones firmes y oportunas.<\/p>\n","protected":false},"excerpt":{"rendered":"<p>La Polic\u00eda Nacional del Ecuador activ\u00f3 de manera inmediata sus unidades tras una alerta del ECU 911 por detonaciones registradas la noche del 26 de agosto en las calles Jos\u00e9 Arcentales y Armando Arias, en Yantzaza. En el lugar se verificaron da\u00f1os materiales en dos locales comerciales, sin registrarse personas heridas. Los propietarios indicaron no [&hellip;]<\/p>\n","protected":false},"author":1,"featured_media":15084,"comment_status":"open","ping_status":"open","sticky":false,"template":"","format":"standard","meta":{"footnotes":""},"categories":[9],"tags":[],"_links":{"self":[{"href":"https:\/\/infozamoraec.com\/index.php\/wp-json\/wp\/v2\/posts\/15083"}],"collection":[{"href":"https:\/\/infozamoraec.com\/index.php\/wp-json\/wp\/v2\/posts"}],"about":[{"href":"https:\/\/infozamoraec.com\/index.php\/wp-json\/wp\/v2\/types\/post"}],"author":[{"embeddable":true,"href":"https:\/\/infozamoraec.com\/index.php\/wp-json\/wp\/v2\/users\/1"}],"replies":[{"embeddable":true,"href":"https:\/\/infozamoraec.com\/index.php\/wp-json\/wp\/v2\/comments?post=15083"}],"version-history":[{"count":1,"href":"https:\/\/infozamoraec.com\/index.php\/wp-json\/wp\/v2\/posts\/15083\/revisions"}],"predecessor-version":[{"id":15085,"href":"https:\/\/infozamoraec.com\/index.php\/wp-json\/wp\/v2\/posts\/15083\/revisions\/15085"}],"wp:featuredmedia":[{"embeddable":true,"href":"https:\/\/infozamoraec.com\/index.php\/wp-json\/wp\/v2\/media\/15084"}],"wp:attachment":[{"href":"https:\/\/infozamoraec.com\/index.php\/wp-json\/wp\/v2\/media?parent=15083"}],"wp:term":[{"taxonomy":"category","embeddable":true,"href":"https:\/\/infozamoraec.com\/index.php\/wp-json\/wp\/v2\/categories?post=15083"},{"taxonomy":"post_tag","embeddable":true,"href":"https:\/\/infozamoraec.com\/index.php\/wp-json\/wp\/v2\/tags?post=15083"}],"curies":[{"name":"wp","href":"https:\/\/api.w.org\/{rel}","templated":true}]}}