{"id":15080,"date":"2025-08-28T01:09:05","date_gmt":"2025-08-28T01:09:05","guid":{"rendered":"https:\/\/infozamoraec.com\/?p=15080"},"modified":"2025-08-28T01:09:05","modified_gmt":"2025-08-28T01:09:05","slug":"alcalde-de-zamora-constato-trabajos-viales-en-la-parroquia-sabanilla","status":"publish","type":"post","link":"https:\/\/infozamoraec.com\/index.php\/2025\/08\/28\/alcalde-de-zamora-constato-trabajos-viales-en-la-parroquia-sabanilla\/","title":{"rendered":"Alcalde de Zamora constat\u00f3 trabajos viales en la parroquia Sabanilla"},"content":{"rendered":"<p data-start=\"79\" data-end=\"329\">La ma\u00f1ana de este mi\u00e9rcoles 27 de agosto de 2025, el alcalde del cant\u00f3n Zamora, <strong data-start=\"159\" data-end=\"178\">Manuel Gonz\u00e1lez<\/strong>, realiz\u00f3 un recorrido por la v\u00eda <strong data-start=\"212\" data-end=\"241\">La Fragancia &#8211; El Retorno<\/strong>, en la parroquia Sabanilla, luego de cumplir varias gestiones en la capital del pa\u00eds.<\/p>\n<p data-start=\"331\" data-end=\"585\">Durante la visita, la autoridad verific\u00f3 los trabajos que se ejecutan en el sector mediante la coordinaci\u00f3n entre el <strong data-start=\"448\" data-end=\"475\">GAD Municipal de Zamora<\/strong>, el <strong data-start=\"480\" data-end=\"498\">GAD Provincial<\/strong>, el <strong data-start=\"503\" data-end=\"521\">GAD Parroquial<\/strong> y el <strong data-start=\"527\" data-end=\"535\">MTOP<\/strong>, con el apoyo de personal t\u00e9cnico y maquinaria.<\/p>\n<p data-start=\"587\" data-end=\"829\">Las labores se enfocan en el <strong data-start=\"616\" data-end=\"689\">desalojo de derrumbes, limpieza de alcantarillas y mantenimiento vial<\/strong>, acciones que buscan garantizar la movilidad y seguridad de los ciudadanos que utilizan esta importante arteria de conexi\u00f3n en el cant\u00f3n.<\/p>\n","protected":false},"excerpt":{"rendered":"<p>La ma\u00f1ana de este mi\u00e9rcoles 27 de agosto de 2025, el alcalde del cant\u00f3n Zamora, Manuel Gonz\u00e1lez, realiz\u00f3 un recorrido por la v\u00eda La Fragancia &#8211; El Retorno, en la parroquia Sabanilla, luego de cumplir varias gestiones en la capital del pa\u00eds. Durante la visita, la autoridad verific\u00f3 los trabajos que se ejecutan en el [&hellip;]<\/p>\n","protected":false},"author":1,"featured_media":15081,"comment_status":"open","ping_status":"open","sticky":false,"template":"","format":"standard","meta":{"footnotes":""},"categories":[9],"tags":[],"_links":{"self":[{"href":"https:\/\/infozamoraec.com\/index.php\/wp-json\/wp\/v2\/posts\/15080"}],"collection":[{"href":"https:\/\/infozamoraec.com\/index.php\/wp-json\/wp\/v2\/posts"}],"about":[{"href":"https:\/\/infozamoraec.com\/index.php\/wp-json\/wp\/v2\/types\/post"}],"author":[{"embeddable":true,"href":"https:\/\/infozamoraec.com\/index.php\/wp-json\/wp\/v2\/users\/1"}],"replies":[{"embeddable":true,"href":"https:\/\/infozamoraec.com\/index.php\/wp-json\/wp\/v2\/comments?post=15080"}],"version-history":[{"count":1,"href":"https:\/\/infozamoraec.com\/index.php\/wp-json\/wp\/v2\/posts\/15080\/revisions"}],"predecessor-version":[{"id":15082,"href":"https:\/\/infozamoraec.com\/index.php\/wp-json\/wp\/v2\/posts\/15080\/revisions\/15082"}],"wp:featuredmedia":[{"embeddable":true,"href":"https:\/\/infozamoraec.com\/index.php\/wp-json\/wp\/v2\/media\/15081"}],"wp:attachment":[{"href":"https:\/\/infozamoraec.com\/index.php\/wp-json\/wp\/v2\/media?parent=15080"}],"wp:term":[{"taxonomy":"category","embeddable":true,"href":"https:\/\/infozamoraec.com\/index.php\/wp-json\/wp\/v2\/categories?post=15080"},{"taxonomy":"post_tag","embeddable":true,"href":"https:\/\/infozamoraec.com\/index.php\/wp-json\/wp\/v2\/tags?post=15080"}],"curies":[{"name":"wp","href":"https:\/\/api.w.org\/{rel}","templated":true}]}}