{"id":15058,"date":"2025-08-27T03:53:29","date_gmt":"2025-08-27T03:53:29","guid":{"rendered":"https:\/\/infozamoraec.com\/?p=15058"},"modified":"2025-08-27T03:53:29","modified_gmt":"2025-08-27T03:53:29","slug":"afiliados-del-seguro-social-campesino-rechazan-su-traslado-al-ministerio-de-salud-publica","status":"publish","type":"post","link":"https:\/\/infozamoraec.com\/index.php\/2025\/08\/27\/afiliados-del-seguro-social-campesino-rechazan-su-traslado-al-ministerio-de-salud-publica\/","title":{"rendered":"Afiliados del Seguro Social Campesino rechazan su traslado al Ministerio de Salud P\u00fablica"},"content":{"rendered":"<p>\u201c\u00a1Qu\u00e9 exige el Seguro Social Campesino: M\u00e9dicos y medicina!\u201d, fue uno de los c\u00e1nticos que entonaron los afiliados del Seguro Social Campesino para exigir al Gobierno que este r\u00e9gimen especial no sea trasladado al Ministerio de Salud P\u00fablica.<\/p>\n<p>La ma\u00f1ana de este lunes 25 de agosto, en los exteriores de la Caja del Instituto Ecuatoriano de Seguridad Social (IESS), en Machala, alrededor de 50 afiliados de diferentes cantones de la provincia de El Oro realizaron un plant\u00f3n para exigir que se respeten sus derechos.<\/p>\n<p>Entre los principales pedidos est\u00e1n: que el Seguro Social Campesino no sea trasladado al Ministerio de Salud P\u00fablica, el incremento de la pensi\u00f3n jubilar a 470 d\u00f3lares y la asignaci\u00f3n del presupuesto completo para este r\u00e9gimen.<\/p>\n<p>Adem\u00e1s, reclaman la dotaci\u00f3n de medicinas, la contrataci\u00f3n de m\u00e9dicos y especialistas, el pago de la pensi\u00f3n por viudez y que no se despida al personal operativo.<\/p>\n<p>Gustavo Macas, presidente del Frente de Defensa del IESS El Oro, asegur\u00f3 que el plant\u00f3n se desarrolla por resoluci\u00f3n del congreso nacional de la Federaci\u00f3n \u00danica de Afiliados al Seguro Social Campesino (FEUNASSC).<\/p>\n<p>\u201cEsta acci\u00f3n la estamos desarrollando en las 24 provincias del pa\u00eds con el objetivo fundamental de defender al IESS y al Seguro Social Campesino, para que el presidente de la Rep\u00fablica escuche nuestras exigencias y se respeten los derechos de los campesinos, que son la base fundamental del pa\u00eds\u201d, se\u00f1al\u00f3.<\/p>\n<p>Macas recalc\u00f3 que no permitir\u00e1n el traslado del Seguro Social Campesino al Ministerio de Salud P\u00fablica porque \u201cah\u00ed se perder\u00edan todos los derechos alcanzados por los campesinos del pa\u00eds\u201d. A\u00f1adi\u00f3 que tambi\u00e9n exigen m\u00e1s presupuesto para garantizar la entrega de medicinas y la atenci\u00f3n m\u00e9dica especializada.<\/p>\n<p>Record\u00f3 adem\u00e1s que, durante la campa\u00f1a, el presidente ofreci\u00f3 que la pensi\u00f3n jubilar ser\u00eda equivalente a un salario b\u00e1sico. \u201cQueremos que eso sea equitativo, ya que nosotros, como campesinos, apenas recibimos 119 d\u00f3lares\u201d, afirm\u00f3.<\/p>\n<p>Ver\u00f3nica Aguilar, quien lleg\u00f3 desde la parroquia Torata, manifest\u00f3 su descontento con las acciones del Gobierno. Ella pertenece al Seguro Social Campesino del Dispensario M\u00e9dico Voluntad de Dios y se opone al traslado del r\u00e9gimen.<\/p>\n<p>\u201cCon ello perdemos muchos derechos, como el de la jubilaci\u00f3n y el de ser atendidos de una mejor manera, como ven\u00eda ocurriendo hasta hace alg\u00fan tiempo. Los \u00faltimos gobiernos han querido derivar nuestros derechos, por eso los estamos defendiendo a capa y espada\u201d, sostuvo.<\/p>\n<p>Jos\u00e9 Garc\u00eda, procedente de Arenillas, coincidi\u00f3 con sus compa\u00f1eros y exigi\u00f3 m\u00e1s presupuesto para garantizar el acceso a medicinas y atenci\u00f3n especializada.<\/p>\n<p>\u201cNo hay medicinas y todo toca comprarlo en farmacias. Para conseguir una cita m\u00e9dica debemos esperar tres o cuatro meses, y por eso no hay atenci\u00f3n oportuna\u201d, denunci\u00f3.<\/p>\n<p>En el plant\u00f3n tambi\u00e9n estuvo presente Rodrigo Arias, de la parroquia La Cuca, quien asegur\u00f3 que, al igual que los dem\u00e1s manifestantes, su lucha es por defender \u201csus intereses\u201d.<\/p>\n<p>Por su parte, Rub\u00e9n L\u00f3pez, otro agricultor, advirti\u00f3 que los campesinos ya han comenzado a salir a las calles para rechazar \u201cla actitud prepotente y negativa de este Gobierno\u201d.<\/p>\n<p>\u201cCon pronunciamientos disfrazados, han venido insinuando que ser\u00eda mejor que los campesinos pasemos a pertenecer al Ministerio de Salud P\u00fablica. Eso lo rechazamos, porque todo lo que hemos conseguido ha sido fruto de la lucha, y lo vamos a defender hasta con nuestra vida\u201d, enfatiz\u00f3.<\/p>\n","protected":false},"excerpt":{"rendered":"<p>\u201c\u00a1Qu\u00e9 exige el Seguro Social Campesino: M\u00e9dicos y medicina!\u201d, fue uno de los c\u00e1nticos que entonaron los afiliados del Seguro Social Campesino para exigir al Gobierno que este r\u00e9gimen especial no sea trasladado al Ministerio de Salud P\u00fablica. La ma\u00f1ana de este lunes 25 de agosto, en los exteriores de la Caja del Instituto Ecuatoriano [&hellip;]<\/p>\n","protected":false},"author":1,"featured_media":15059,"comment_status":"open","ping_status":"open","sticky":false,"template":"","format":"standard","meta":{"footnotes":""},"categories":[12],"tags":[],"_links":{"self":[{"href":"https:\/\/infozamoraec.com\/index.php\/wp-json\/wp\/v2\/posts\/15058"}],"collection":[{"href":"https:\/\/infozamoraec.com\/index.php\/wp-json\/wp\/v2\/posts"}],"about":[{"href":"https:\/\/infozamoraec.com\/index.php\/wp-json\/wp\/v2\/types\/post"}],"author":[{"embeddable":true,"href":"https:\/\/infozamoraec.com\/index.php\/wp-json\/wp\/v2\/users\/1"}],"replies":[{"embeddable":true,"href":"https:\/\/infozamoraec.com\/index.php\/wp-json\/wp\/v2\/comments?post=15058"}],"version-history":[{"count":1,"href":"https:\/\/infozamoraec.com\/index.php\/wp-json\/wp\/v2\/posts\/15058\/revisions"}],"predecessor-version":[{"id":15060,"href":"https:\/\/infozamoraec.com\/index.php\/wp-json\/wp\/v2\/posts\/15058\/revisions\/15060"}],"wp:featuredmedia":[{"embeddable":true,"href":"https:\/\/infozamoraec.com\/index.php\/wp-json\/wp\/v2\/media\/15059"}],"wp:attachment":[{"href":"https:\/\/infozamoraec.com\/index.php\/wp-json\/wp\/v2\/media?parent=15058"}],"wp:term":[{"taxonomy":"category","embeddable":true,"href":"https:\/\/infozamoraec.com\/index.php\/wp-json\/wp\/v2\/categories?post=15058"},{"taxonomy":"post_tag","embeddable":true,"href":"https:\/\/infozamoraec.com\/index.php\/wp-json\/wp\/v2\/tags?post=15058"}],"curies":[{"name":"wp","href":"https:\/\/api.w.org\/{rel}","templated":true}]}}