{"id":15056,"date":"2025-08-27T03:42:02","date_gmt":"2025-08-27T03:42:02","guid":{"rendered":"https:\/\/infozamoraec.com\/?p=15056"},"modified":"2025-08-27T04:06:39","modified_gmt":"2025-08-27T04:06:39","slug":"jueces-que-liberaron-a-delincuentes-seran-investigados-por-la-judicatura","status":"publish","type":"post","link":"https:\/\/infozamoraec.com\/index.php\/2025\/08\/27\/jueces-que-liberaron-a-delincuentes-seran-investigados-por-la-judicatura\/","title":{"rendered":"Jueces que liberaron a delincuentes ser\u00e1n investigados por la Judicatura"},"content":{"rendered":"<p>Por ello, el\u00a0<strong>Consejo de la Judicatura inform\u00f3 que empezar\u00e1 investigaciones en contra los jueces<\/strong>\u00a0que \u00ab<strong>provocaron que delincuentes reincidentes queden en libertad, pese a su historial criminal y a las evidencias aportadas\u00bb.<\/strong><\/p>\n<p>La Judicatura cuestion\u00f3 la decisi\u00f3n de dejar en libertad a Zambrano<strong>\u00a0y, en un comunicado, enfatiz\u00f3 que \u201cse pone en riesgo la seguridad ciudadana, se debilita el trabajo de la Polic\u00eda Nacional y se atenta contra la confianza en el sistema de justicia\u201d.\u00a0<\/strong><\/p>\n<p>El ministro del Interior,\u00a0<strong><a href=\"https:\/\/www.larepublica.ec\/blog\/2025\/08\/14\/reimberg-critica-a-la-cc-por-eliminacion-de-prision-preventiva-en-reincidencias\/\" target=\"_blank\" rel=\"noreferrer noopener\">John Reimberg<\/a><\/strong>, volvi\u00f3 a rechazar de manera en\u00e9rgica la decisi\u00f3n de un juez de<strong>\u00a0<a href=\"https:\/\/es.wikipedia.org\/wiki\/Dur%C3%A1n_(Ecuador)\" target=\"_blank\" rel=\"noreferrer noopener\">Dur\u00e1n<\/a><\/strong>\u00a0de nombre\u00a0<strong>Segundo Ricardo Arias Plaza\u00a0<\/strong>,que otorg\u00f3 medidas alternativas a la\u00a0<strong>prisi\u00f3n preventiva\u00a0<\/strong>a un sujeto con \u00abenorme prontuario delictivo\u00bb.\u00a0<strong>\u00abEste tipo de actos corruptos son intolerables e inadmisibles. \u00bfHasta cu\u00e1ndo los jueces estar\u00e1n del lado de los delincuentes?\u00bb<\/strong>, critic\u00f3 el funcionario.<\/p>\n<p>Reimberg denunci\u00f3 que Luis Enrique Zambrano, alias \u2018Matat\u00e1n\u2018, era un cabecilla de la organizaci\u00f3n criminal Chonekillers y que, con la detenci\u00f3n del domingo, eran siete veces que hab\u00eda sido capturado. El sujeto hab\u00eda enfrentado procesos judiciales por casos de narcotr\u00e1fico, robo, intento de asesinato, entre otros. Esas capturas ocurrieron entre 2010 y 2020.<\/p>\n<p>Reimberg ya hab\u00eda denunciado a una magistrada de Yantzaza, en Morona Santiago, por una decisi\u00f3n similar. La jueza de nombre Ver\u00f3nica Rosal\u00eda Macas Toledo dio medidas alternativas a un hombre que dispar\u00f3 contra otro sujeto. La v\u00edctima no muri\u00f3, pero hasta el fin de semana estaba hospitalizada. (I)<\/p>\n","protected":false},"excerpt":{"rendered":"<p>Por ello, el\u00a0Consejo de la Judicatura inform\u00f3 que empezar\u00e1 investigaciones en contra los jueces\u00a0que \u00abprovocaron que delincuentes reincidentes queden en libertad, pese a su historial criminal y a las evidencias aportadas\u00bb. La Judicatura cuestion\u00f3 la decisi\u00f3n de dejar en libertad a Zambrano\u00a0y, en un comunicado, enfatiz\u00f3 que \u201cse pone en riesgo la seguridad ciudadana, se [&hellip;]<\/p>\n","protected":false},"author":1,"featured_media":15073,"comment_status":"open","ping_status":"open","sticky":false,"template":"","format":"standard","meta":{"footnotes":""},"categories":[12],"tags":[],"_links":{"self":[{"href":"https:\/\/infozamoraec.com\/index.php\/wp-json\/wp\/v2\/posts\/15056"}],"collection":[{"href":"https:\/\/infozamoraec.com\/index.php\/wp-json\/wp\/v2\/posts"}],"about":[{"href":"https:\/\/infozamoraec.com\/index.php\/wp-json\/wp\/v2\/types\/post"}],"author":[{"embeddable":true,"href":"https:\/\/infozamoraec.com\/index.php\/wp-json\/wp\/v2\/users\/1"}],"replies":[{"embeddable":true,"href":"https:\/\/infozamoraec.com\/index.php\/wp-json\/wp\/v2\/comments?post=15056"}],"version-history":[{"count":1,"href":"https:\/\/infozamoraec.com\/index.php\/wp-json\/wp\/v2\/posts\/15056\/revisions"}],"predecessor-version":[{"id":15057,"href":"https:\/\/infozamoraec.com\/index.php\/wp-json\/wp\/v2\/posts\/15056\/revisions\/15057"}],"wp:featuredmedia":[{"embeddable":true,"href":"https:\/\/infozamoraec.com\/index.php\/wp-json\/wp\/v2\/media\/15073"}],"wp:attachment":[{"href":"https:\/\/infozamoraec.com\/index.php\/wp-json\/wp\/v2\/media?parent=15056"}],"wp:term":[{"taxonomy":"category","embeddable":true,"href":"https:\/\/infozamoraec.com\/index.php\/wp-json\/wp\/v2\/categories?post=15056"},{"taxonomy":"post_tag","embeddable":true,"href":"https:\/\/infozamoraec.com\/index.php\/wp-json\/wp\/v2\/tags?post=15056"}],"curies":[{"name":"wp","href":"https:\/\/api.w.org\/{rel}","templated":true}]}}