{"id":15048,"date":"2025-08-27T03:37:12","date_gmt":"2025-08-27T03:37:12","guid":{"rendered":"https:\/\/infozamoraec.com\/?p=15048"},"modified":"2025-08-27T03:37:12","modified_gmt":"2025-08-27T03:37:12","slug":"avanza-propuesta-para-erigir-monumento-en-homenaje-a-monsenor-jorge-mosquera-barreiro","status":"publish","type":"post","link":"https:\/\/infozamoraec.com\/index.php\/2025\/08\/27\/avanza-propuesta-para-erigir-monumento-en-homenaje-a-monsenor-jorge-mosquera-barreiro\/","title":{"rendered":"Avanza propuesta para erigir monumento en homenaje a Monse\u00f1or Jorge Mosquera Barreiro"},"content":{"rendered":"<p data-start=\"96\" data-end=\"445\">Este martes 26 de agosto de 2025, en las instalaciones de la <strong data-start=\"157\" data-end=\"229\">Unidad de Turismo, Cultura, Patrimonio y Educaci\u00f3n del cant\u00f3n Zamora<\/strong>, se llev\u00f3 a cabo una reuni\u00f3n de trabajo encabezada por <strong data-start=\"285\" data-end=\"356\">Franz Regalado, concejal urbano y presidente de la Comisi\u00f3n T\u00e9cnica<\/strong>, con la participaci\u00f3n de autoridades locales y representantes del colectivo ciudadano.<\/p>\n<p data-start=\"447\" data-end=\"718\">El encuentro tuvo como prop\u00f3sito <strong data-start=\"480\" data-end=\"625\">avanzar en el an\u00e1lisis y calificaci\u00f3n de los posibles espacios para la ubicaci\u00f3n del monumento en memoria de Monse\u00f1or Jorge Mosquera Barreiro<\/strong>, considerado una figura de gran trascendencia en la vida espiritual y social de la ciudad.<\/p>\n<p data-start=\"720\" data-end=\"930\">Las autoridades destacaron que este proceso busca <strong data-start=\"770\" data-end=\"927\">preservar la memoria hist\u00f3rica, fortalecer la identidad cultural y rendir homenaje a quienes han contribuido significativamente al desarrollo comunitario<\/strong>.<\/p>\n<p data-start=\"932\" data-end=\"1109\">La propuesta continuar\u00e1 en estudio dentro de la Comisi\u00f3n T\u00e9cnica, con el compromiso de articular esfuerzos entre instituciones y ciudadan\u00eda para concretar este reconocimiento.<\/p>\n","protected":false},"excerpt":{"rendered":"<p>Este martes 26 de agosto de 2025, en las instalaciones de la Unidad de Turismo, Cultura, Patrimonio y Educaci\u00f3n del cant\u00f3n Zamora, se llev\u00f3 a cabo una reuni\u00f3n de trabajo encabezada por Franz Regalado, concejal urbano y presidente de la Comisi\u00f3n T\u00e9cnica, con la participaci\u00f3n de autoridades locales y representantes del colectivo ciudadano. El encuentro [&hellip;]<\/p>\n","protected":false},"author":1,"featured_media":15049,"comment_status":"open","ping_status":"open","sticky":false,"template":"","format":"standard","meta":{"footnotes":""},"categories":[9],"tags":[],"_links":{"self":[{"href":"https:\/\/infozamoraec.com\/index.php\/wp-json\/wp\/v2\/posts\/15048"}],"collection":[{"href":"https:\/\/infozamoraec.com\/index.php\/wp-json\/wp\/v2\/posts"}],"about":[{"href":"https:\/\/infozamoraec.com\/index.php\/wp-json\/wp\/v2\/types\/post"}],"author":[{"embeddable":true,"href":"https:\/\/infozamoraec.com\/index.php\/wp-json\/wp\/v2\/users\/1"}],"replies":[{"embeddable":true,"href":"https:\/\/infozamoraec.com\/index.php\/wp-json\/wp\/v2\/comments?post=15048"}],"version-history":[{"count":2,"href":"https:\/\/infozamoraec.com\/index.php\/wp-json\/wp\/v2\/posts\/15048\/revisions"}],"predecessor-version":[{"id":15051,"href":"https:\/\/infozamoraec.com\/index.php\/wp-json\/wp\/v2\/posts\/15048\/revisions\/15051"}],"wp:featuredmedia":[{"embeddable":true,"href":"https:\/\/infozamoraec.com\/index.php\/wp-json\/wp\/v2\/media\/15049"}],"wp:attachment":[{"href":"https:\/\/infozamoraec.com\/index.php\/wp-json\/wp\/v2\/media?parent=15048"}],"wp:term":[{"taxonomy":"category","embeddable":true,"href":"https:\/\/infozamoraec.com\/index.php\/wp-json\/wp\/v2\/categories?post=15048"},{"taxonomy":"post_tag","embeddable":true,"href":"https:\/\/infozamoraec.com\/index.php\/wp-json\/wp\/v2\/tags?post=15048"}],"curies":[{"name":"wp","href":"https:\/\/api.w.org\/{rel}","templated":true}]}}