{"id":15045,"date":"2025-08-27T03:33:20","date_gmt":"2025-08-27T03:33:20","guid":{"rendered":"https:\/\/infozamoraec.com\/?p=15045"},"modified":"2025-08-27T03:33:20","modified_gmt":"2025-08-27T03:33:20","slug":"san-antonio-de-las-juntas-celebro-el-dia-del-abuelo-con-tradicion-salud-y-emprendimiento","status":"publish","type":"post","link":"https:\/\/infozamoraec.com\/index.php\/2025\/08\/27\/san-antonio-de-las-juntas-celebro-el-dia-del-abuelo-con-tradicion-salud-y-emprendimiento\/","title":{"rendered":"San Antonio de Las Juntas celebr\u00f3 el D\u00eda del Abuelo con tradici\u00f3n, salud y emprendimiento"},"content":{"rendered":"<p data-start=\"100\" data-end=\"403\">Este lunes 25 de agosto de 2025, el barrio San Antonio de Las Juntas, en el cant\u00f3n Palanda, se convirti\u00f3 en un espacio de encuentro cultural y comunitario con el evento <strong data-start=\"269\" data-end=\"298\">\u201cSabores y Pasos de Vida\u201d<\/strong>, una jornada dedicada a rendir homenaje a los adultos mayores en el marco del D\u00eda Nacional del Abuelo.<\/p>\n<p data-start=\"405\" data-end=\"766\">Desde tempranas horas, la comunidad disfrut\u00f3 de una programaci\u00f3n variada que incluy\u00f3 juegos tradicionales, presentaciones de danza, atenci\u00f3n m\u00e9dica, charlas de emprendimiento y degustaci\u00f3n de comidas t\u00edpicas. El ambiente estuvo marcado por la uni\u00f3n intergeneracional, donde la experiencia de los abuelos se entrelaz\u00f3 con la energ\u00eda de las nuevas generaciones.<\/p>\n<p data-start=\"768\" data-end=\"1097\">El evento tambi\u00e9n integr\u00f3 el <strong data-start=\"797\" data-end=\"850\">Taller de Reactivaci\u00f3n Econ\u00f3mica y Emprendimiento<\/strong>, que busc\u00f3 motivar a los asistentes a generar iniciativas productivas locales. La jornada culmin\u00f3 con la entrega de presentes a los adultos mayores por parte de las autoridades y t\u00e9cnicos organizadores, en un gesto de reconocimiento y gratitud.<\/p>\n<p data-start=\"1099\" data-end=\"1363\">La actividad fue coordinada por la t\u00e9cnica directa del <strong data-start=\"1154\" data-end=\"1187\">MIES, Lic. Jessenia Pe\u00f1arreta<\/strong>, con el respaldo del <strong data-start=\"1209\" data-end=\"1360\">Ministerio de Salud P\u00fablica (MSP), Cuerpo de Bomberos, BanEcuador, el equipo t\u00e9cnico del GAD Municipal de Palanda y las Unidades de Atenci\u00f3n Social<\/strong>.<\/p>\n<p data-start=\"1365\" data-end=\"1684\">De acuerdo con los organizadores, esta iniciativa tuvo como prop\u00f3sito <strong data-start=\"1435\" data-end=\"1682\">promover el bienestar integral de las personas adultas mayores, con y sin discapacidad, a trav\u00e9s de servicios de salud, capacitaciones y actividades recreativas que refuercen su rol activo en la sociedad y mantengan vigente su legado cultural.<\/strong><\/p>\n","protected":false},"excerpt":{"rendered":"<p>Este lunes 25 de agosto de 2025, el barrio San Antonio de Las Juntas, en el cant\u00f3n Palanda, se convirti\u00f3 en un espacio de encuentro cultural y comunitario con el evento \u201cSabores y Pasos de Vida\u201d, una jornada dedicada a rendir homenaje a los adultos mayores en el marco del D\u00eda Nacional del Abuelo. Desde [&hellip;]<\/p>\n","protected":false},"author":1,"featured_media":15046,"comment_status":"open","ping_status":"open","sticky":false,"template":"","format":"standard","meta":{"footnotes":""},"categories":[9],"tags":[],"_links":{"self":[{"href":"https:\/\/infozamoraec.com\/index.php\/wp-json\/wp\/v2\/posts\/15045"}],"collection":[{"href":"https:\/\/infozamoraec.com\/index.php\/wp-json\/wp\/v2\/posts"}],"about":[{"href":"https:\/\/infozamoraec.com\/index.php\/wp-json\/wp\/v2\/types\/post"}],"author":[{"embeddable":true,"href":"https:\/\/infozamoraec.com\/index.php\/wp-json\/wp\/v2\/users\/1"}],"replies":[{"embeddable":true,"href":"https:\/\/infozamoraec.com\/index.php\/wp-json\/wp\/v2\/comments?post=15045"}],"version-history":[{"count":1,"href":"https:\/\/infozamoraec.com\/index.php\/wp-json\/wp\/v2\/posts\/15045\/revisions"}],"predecessor-version":[{"id":15047,"href":"https:\/\/infozamoraec.com\/index.php\/wp-json\/wp\/v2\/posts\/15045\/revisions\/15047"}],"wp:featuredmedia":[{"embeddable":true,"href":"https:\/\/infozamoraec.com\/index.php\/wp-json\/wp\/v2\/media\/15046"}],"wp:attachment":[{"href":"https:\/\/infozamoraec.com\/index.php\/wp-json\/wp\/v2\/media?parent=15045"}],"wp:term":[{"taxonomy":"category","embeddable":true,"href":"https:\/\/infozamoraec.com\/index.php\/wp-json\/wp\/v2\/categories?post=15045"},{"taxonomy":"post_tag","embeddable":true,"href":"https:\/\/infozamoraec.com\/index.php\/wp-json\/wp\/v2\/tags?post=15045"}],"curies":[{"name":"wp","href":"https:\/\/api.w.org\/{rel}","templated":true}]}}