{"id":15036,"date":"2025-08-26T13:49:00","date_gmt":"2025-08-26T13:49:00","guid":{"rendered":"https:\/\/infozamoraec.com\/?p=15036"},"modified":"2025-08-26T13:49:00","modified_gmt":"2025-08-26T13:49:00","slug":"zamora-marcha-pacifica-del-seguro-social-campesino-con-exigencias-al-gobierno-nacional","status":"publish","type":"post","link":"https:\/\/infozamoraec.com\/index.php\/2025\/08\/26\/zamora-marcha-pacifica-del-seguro-social-campesino-con-exigencias-al-gobierno-nacional\/","title":{"rendered":"Zamora: marcha pac\u00edfica del Seguro Social Campesino con exigencias al Gobierno Nacional"},"content":{"rendered":"<p data-start=\"152\" data-end=\"363\">Este lunes 25 de agosto, afiliados al Seguro Social Campesino de Zamora Chinchipe realizaron una marcha pac\u00edfica por las calles c\u00e9ntricas de la ciudad de Zamora para expresar sus demandas al Gobierno Nacional.<\/p>\n<p data-start=\"365\" data-end=\"801\">Los manifestantes se\u00f1alaron que la medida responde a las deficiencias en la atenci\u00f3n de salud y en las prestaciones del seguro. Entre sus principales exigencias constan: la implementaci\u00f3n de laboratorios en cada dispensario, reformas a las resoluciones N.\u00b0 636, 625 y 535, ejecuci\u00f3n del presupuesto asignado al Seguro Campesino, dotaci\u00f3n de insumos y readecuaci\u00f3n de los dispensarios, as\u00ed como el pago de rubros por viudez y orfandad.<\/p>\n<p data-start=\"803\" data-end=\"1282\">Tambi\u00e9n solicitaron el cumplimiento de los ofrecimientos de campa\u00f1a del presidente Daniel Noboa, en particular el incremento de las pensiones jubilares a un salario b\u00e1sico unificado, la jubilaci\u00f3n a los 60 a\u00f1os, la creaci\u00f3n de l\u00edneas de cr\u00e9dito con bajos intereses para los afiliados, y la construcci\u00f3n de un hospital b\u00e1sico del IESS en Zamora Chinchipe. Adem\u00e1s, pidieron mejoras en la atenci\u00f3n m\u00e9dica especializada y en la infraestructura de los dispensarios a nivel nacional.<\/p>\n<p data-start=\"1284\" data-end=\"1757\">La gobernadora Ivonne Margaret Panchi Rodr\u00edguez mantuvo un di\u00e1logo con representantes de la Federaci\u00f3n \u00danica Nacional de Afiliados y Jubilados del Seguro Social Campesino de Zamora Chinchipe, donde escuch\u00f3 las preocupaciones y manifest\u00f3 la intenci\u00f3n del Gobierno Nacional de buscar soluciones.<\/p>\n<p data-start=\"1284\" data-end=\"1757\">Seg\u00fan un comunicado oficial de la Gobernaci\u00f3n, el encuentro tuvo como objetivo dar seguimiento a acciones orientadas a fortalecer y optimizar los servicios del Seguro Campesino.<\/p>\n","protected":false},"excerpt":{"rendered":"<p>Este lunes 25 de agosto, afiliados al Seguro Social Campesino de Zamora Chinchipe realizaron una marcha pac\u00edfica por las calles c\u00e9ntricas de la ciudad de Zamora para expresar sus demandas al Gobierno Nacional. Los manifestantes se\u00f1alaron que la medida responde a las deficiencias en la atenci\u00f3n de salud y en las prestaciones del seguro. Entre [&hellip;]<\/p>\n","protected":false},"author":1,"featured_media":15037,"comment_status":"open","ping_status":"open","sticky":false,"template":"","format":"standard","meta":{"footnotes":""},"categories":[9],"tags":[],"_links":{"self":[{"href":"https:\/\/infozamoraec.com\/index.php\/wp-json\/wp\/v2\/posts\/15036"}],"collection":[{"href":"https:\/\/infozamoraec.com\/index.php\/wp-json\/wp\/v2\/posts"}],"about":[{"href":"https:\/\/infozamoraec.com\/index.php\/wp-json\/wp\/v2\/types\/post"}],"author":[{"embeddable":true,"href":"https:\/\/infozamoraec.com\/index.php\/wp-json\/wp\/v2\/users\/1"}],"replies":[{"embeddable":true,"href":"https:\/\/infozamoraec.com\/index.php\/wp-json\/wp\/v2\/comments?post=15036"}],"version-history":[{"count":1,"href":"https:\/\/infozamoraec.com\/index.php\/wp-json\/wp\/v2\/posts\/15036\/revisions"}],"predecessor-version":[{"id":15038,"href":"https:\/\/infozamoraec.com\/index.php\/wp-json\/wp\/v2\/posts\/15036\/revisions\/15038"}],"wp:featuredmedia":[{"embeddable":true,"href":"https:\/\/infozamoraec.com\/index.php\/wp-json\/wp\/v2\/media\/15037"}],"wp:attachment":[{"href":"https:\/\/infozamoraec.com\/index.php\/wp-json\/wp\/v2\/media?parent=15036"}],"wp:term":[{"taxonomy":"category","embeddable":true,"href":"https:\/\/infozamoraec.com\/index.php\/wp-json\/wp\/v2\/categories?post=15036"},{"taxonomy":"post_tag","embeddable":true,"href":"https:\/\/infozamoraec.com\/index.php\/wp-json\/wp\/v2\/tags?post=15036"}],"curies":[{"name":"wp","href":"https:\/\/api.w.org\/{rel}","templated":true}]}}