{"id":15017,"date":"2025-08-26T01:56:39","date_gmt":"2025-08-26T01:56:39","guid":{"rendered":"https:\/\/infozamoraec.com\/?p=15017"},"modified":"2025-08-26T01:56:39","modified_gmt":"2025-08-26T01:56:39","slug":"el-consap-se-creo-para-desterrar-mafias-en-la-salud-afirma-carolina-jaramillo","status":"publish","type":"post","link":"https:\/\/infozamoraec.com\/index.php\/2025\/08\/26\/el-consap-se-creo-para-desterrar-mafias-en-la-salud-afirma-carolina-jaramillo\/","title":{"rendered":"\u201cEl Consap se cre\u00f3 para desterrar mafias en la salud\u201d, afirma Carolina Jaramillo"},"content":{"rendered":"<p>La vocera de la Presidencia,\u00a0<strong>Carolina Jaramillo<\/strong>, inform\u00f3 este\u00a0<strong>25 de agosto<\/strong>\u00a0desde Carondelet que el Gobierno por el momento no ha terminado\u00a0 el plan para ordenar el sistema de salud, este se encuentra en desarrollo. La estrategia est\u00e1 en manos del<strong>\u00a0Comit\u00e9 Nacional de Salud P\u00fablica (Consap)<\/strong>, organismo creado con ese fin.<\/p>\n<p><strong>\u201cEl Consap se cre\u00f3 para elaborar un plan estrat\u00e9gico que ponga en orden el sistema de salud, sobre todo enfocado a desterrar las mafias que han existido por largas d\u00e9cadas en el Ecuador\u201d<\/strong>, afirm\u00f3 la funcionaria.<\/p>\n<p>Gobierno impulsa plan para blindar compras<br \/>\nJaramillo explic\u00f3 que una de las decisiones m\u00e1s relevantes es la compra masiva de medicamentos. En este proceso, se\u00f1al\u00f3, intervienen tanto el IESS como el Ministerio de Salud P\u00fablica (MSP). \u201cLa compra que se concretar\u00e1 con m\u00e1s velocidad ser\u00e1 la del IESS y luego estar\u00e1 la del Ministerio de Salud P\u00fablica\u201d, puntualiz\u00f3. El plan busca ser r\u00edgido y solvente para que la corrupci\u00f3n no vuelva a permear los procesos.<\/p>\n<p>Recursos ya fueron trasladados a planta central<br \/>\nLa vocera confirm\u00f3 que ya se han dado los primeros pasos financieros. \u201cLa \u00faltima informaci\u00f3n que recib\u00ed es que estos millones de d\u00f3lares ya fueron trasladados de las unidades desconcentradas del Ministerio de Salud a planta central\u201d, se\u00f1al\u00f3.<\/p>\n<p>Con esos recursos disponibles, el Gobierno asegura que se podr\u00e1 iniciar el procedimiento formal. \u201cUna vez que se cuenta con esos recursos como manda la norma se puede establecer el proceso de compra p\u00fablica y ahora tenemos un Sercop normado que evitar\u00e1 los problemas que segu\u00edamos teniendo\u201d, a\u00f1adi\u00f3 Jaramillo.<\/p>\n<p>Pr\u00f3xima reuni\u00f3n ser\u00e1 en Guayaquil<br \/>\nEl Consap tiene prevista su pr\u00f3xima reuni\u00f3n este viernes 29 de agosto en Guayaquil. \u201cSeguramente despu\u00e9s se informar\u00e1 d\u00f3nde se reunir\u00e1 el comit\u00e9\u201d, anticip\u00f3 la vocera presidencial.<\/p>\n<p>En paralelo, Jaramillo anunci\u00f3 que en el IESS se incorporaron 100 nuevas camas para di\u00e1lisis, como parte de la estrategia para mejorar la atenci\u00f3n en medio de la crisis hospitalaria.<\/p>\n","protected":false},"excerpt":{"rendered":"<p>La vocera de la Presidencia,\u00a0Carolina Jaramillo, inform\u00f3 este\u00a025 de agosto\u00a0desde Carondelet que el Gobierno por el momento no ha terminado\u00a0 el plan para ordenar el sistema de salud, este se encuentra en desarrollo. La estrategia est\u00e1 en manos del\u00a0Comit\u00e9 Nacional de Salud P\u00fablica (Consap), organismo creado con ese fin. \u201cEl Consap se cre\u00f3 para elaborar [&hellip;]<\/p>\n","protected":false},"author":1,"featured_media":15018,"comment_status":"open","ping_status":"open","sticky":false,"template":"","format":"standard","meta":{"footnotes":""},"categories":[12],"tags":[],"_links":{"self":[{"href":"https:\/\/infozamoraec.com\/index.php\/wp-json\/wp\/v2\/posts\/15017"}],"collection":[{"href":"https:\/\/infozamoraec.com\/index.php\/wp-json\/wp\/v2\/posts"}],"about":[{"href":"https:\/\/infozamoraec.com\/index.php\/wp-json\/wp\/v2\/types\/post"}],"author":[{"embeddable":true,"href":"https:\/\/infozamoraec.com\/index.php\/wp-json\/wp\/v2\/users\/1"}],"replies":[{"embeddable":true,"href":"https:\/\/infozamoraec.com\/index.php\/wp-json\/wp\/v2\/comments?post=15017"}],"version-history":[{"count":1,"href":"https:\/\/infozamoraec.com\/index.php\/wp-json\/wp\/v2\/posts\/15017\/revisions"}],"predecessor-version":[{"id":15019,"href":"https:\/\/infozamoraec.com\/index.php\/wp-json\/wp\/v2\/posts\/15017\/revisions\/15019"}],"wp:featuredmedia":[{"embeddable":true,"href":"https:\/\/infozamoraec.com\/index.php\/wp-json\/wp\/v2\/media\/15018"}],"wp:attachment":[{"href":"https:\/\/infozamoraec.com\/index.php\/wp-json\/wp\/v2\/media?parent=15017"}],"wp:term":[{"taxonomy":"category","embeddable":true,"href":"https:\/\/infozamoraec.com\/index.php\/wp-json\/wp\/v2\/categories?post=15017"},{"taxonomy":"post_tag","embeddable":true,"href":"https:\/\/infozamoraec.com\/index.php\/wp-json\/wp\/v2\/tags?post=15017"}],"curies":[{"name":"wp","href":"https:\/\/api.w.org\/{rel}","templated":true}]}}