{"id":15014,"date":"2025-08-26T01:54:16","date_gmt":"2025-08-26T01:54:16","guid":{"rendered":"https:\/\/infozamoraec.com\/?p=15014"},"modified":"2025-08-26T01:54:16","modified_gmt":"2025-08-26T01:54:16","slug":"valentina-centeno-dejaria-temporalmente-la-asamblea-nacional-mishel-mancheno-asumiria-como-jefa-de-bancada-de-adn","status":"publish","type":"post","link":"https:\/\/infozamoraec.com\/index.php\/2025\/08\/26\/valentina-centeno-dejaria-temporalmente-la-asamblea-nacional-mishel-mancheno-asumiria-como-jefa-de-bancada-de-adn\/","title":{"rendered":"Valentina Centeno dejar\u00eda temporalmente la Asamblea Nacional, Mishel Mancheno asumir\u00eda como jefa de bancada de ADN"},"content":{"rendered":"<p>Este Diario conoci\u00f3 que la legisladora Valentina Centeno, de la bancada oficialista Acci\u00f3n Democr\u00e1tica Nacional (ADN), est\u00e1 contemplando solicitar una licencia sin sueldo por un periodo de siete meses para continuar sus estudios de posgrado en el exterior, posiblemente en Europa.<\/p>\n<p>Centeno es la actual presidenta de la Comisi\u00f3n de Desarrollo Econ\u00f3mico y jefa de bancada de ADN<strong>. Para poder acogerse a esta licencia necesita la autorizaci\u00f3n del CAL del Legislativo, seg\u00fan rige en el art\u00edculo 114 de la Ley Org\u00e1nica de la Funci\u00f3n Legislativa (LOFL).<\/strong><\/p>\n<p>En caso de darse su salida temporal, la legisladora Mishel Mancheno asumir\u00eda como jefa de bancada de ADN. Mancheno es la actual primera vicepresidenta del Parlamento. El relevo de Mancheno por Centeno se dar\u00eda a pesar de que al inicio del periodo legislativo se design\u00f3 a Ferdinan \u00c1lvarez como subjefe del bloque.<\/p>\n<p>\u201cArt. 114.- R\u00e9gimen de licencias y permisos.- La presidenta o el presidente de la Asamblea Nacional podr\u00e1 conceder licencia a las y los asamble\u00edstas para ausentarse de sus funciones hasta por treinta d\u00edas. La licencia que supere los treinta d\u00edas y hasta los noventa d\u00edas en un a\u00f1o calendario ser\u00e1 autorizada por el Consejo de Administraci\u00f3n Legislativa, en caso de enfermedad o incapacidad f\u00edsica o psicol\u00f3gica, debidamente comprobadas\u201d, dice el art\u00edculo.<\/p>\n<p>Centeno es una de las figuras m\u00e1s visibles del oficialismo joven y ha sido la ponente de proyectos de ley presentados por el Ejecutivo tanto en este como en el periodo anterior.<\/p>\n<p>La legisladora tiene 28 a\u00f1os, antes de llegar al Parlamento fue subsecretaria de Actividad F\u00edsica y coordinadora zonal 4 (Manab\u00ed y Santo Domingo de los Ts\u00e1chilas) del Ministerio del Deporte en el gobierno de Guillermo Lasso.Asimismo, se desempe\u00f1\u00f3 como asistente legal de la C\u00e1mara de Comercio Ecuatoriano-Canadiense y abogada del estudio jur\u00eddico Fabara &amp; Compa\u00f1\u00eda, donde se especializ\u00f3 en resoluci\u00f3n de controversias, litigio, derecho deportivo y derecho comercial.<\/p>\n<p>Se candidatiz\u00f3 como legisladora nacional en los comicios anticipados del 2023 y gan\u00f3 la curul.<\/p>\n<p>Fue parte de la selecci\u00f3n nacional de voleibol de playa y de voleibol de sala (2015-2019).<\/p>\n","protected":false},"excerpt":{"rendered":"<p>Este Diario conoci\u00f3 que la legisladora Valentina Centeno, de la bancada oficialista Acci\u00f3n Democr\u00e1tica Nacional (ADN), est\u00e1 contemplando solicitar una licencia sin sueldo por un periodo de siete meses para continuar sus estudios de posgrado en el exterior, posiblemente en Europa. Centeno es la actual presidenta de la Comisi\u00f3n de Desarrollo Econ\u00f3mico y jefa de [&hellip;]<\/p>\n","protected":false},"author":1,"featured_media":15015,"comment_status":"open","ping_status":"open","sticky":false,"template":"","format":"standard","meta":{"footnotes":""},"categories":[12],"tags":[],"_links":{"self":[{"href":"https:\/\/infozamoraec.com\/index.php\/wp-json\/wp\/v2\/posts\/15014"}],"collection":[{"href":"https:\/\/infozamoraec.com\/index.php\/wp-json\/wp\/v2\/posts"}],"about":[{"href":"https:\/\/infozamoraec.com\/index.php\/wp-json\/wp\/v2\/types\/post"}],"author":[{"embeddable":true,"href":"https:\/\/infozamoraec.com\/index.php\/wp-json\/wp\/v2\/users\/1"}],"replies":[{"embeddable":true,"href":"https:\/\/infozamoraec.com\/index.php\/wp-json\/wp\/v2\/comments?post=15014"}],"version-history":[{"count":1,"href":"https:\/\/infozamoraec.com\/index.php\/wp-json\/wp\/v2\/posts\/15014\/revisions"}],"predecessor-version":[{"id":15016,"href":"https:\/\/infozamoraec.com\/index.php\/wp-json\/wp\/v2\/posts\/15014\/revisions\/15016"}],"wp:featuredmedia":[{"embeddable":true,"href":"https:\/\/infozamoraec.com\/index.php\/wp-json\/wp\/v2\/media\/15015"}],"wp:attachment":[{"href":"https:\/\/infozamoraec.com\/index.php\/wp-json\/wp\/v2\/media?parent=15014"}],"wp:term":[{"taxonomy":"category","embeddable":true,"href":"https:\/\/infozamoraec.com\/index.php\/wp-json\/wp\/v2\/categories?post=15014"},{"taxonomy":"post_tag","embeddable":true,"href":"https:\/\/infozamoraec.com\/index.php\/wp-json\/wp\/v2\/tags?post=15014"}],"curies":[{"name":"wp","href":"https:\/\/api.w.org\/{rel}","templated":true}]}}