{"id":15011,"date":"2025-08-26T01:52:13","date_gmt":"2025-08-26T01:52:13","guid":{"rendered":"https:\/\/infozamoraec.com\/?p=15011"},"modified":"2025-08-26T01:52:13","modified_gmt":"2025-08-26T01:52:13","slug":"audiencia-de-jose-serrano-se-suspendio-tras-pruebas-de-fiscalia-de-ecuador-que-lo-vinculan-con-el-asesinato-de-fernando-v","status":"publish","type":"post","link":"https:\/\/infozamoraec.com\/index.php\/2025\/08\/26\/audiencia-de-jose-serrano-se-suspendio-tras-pruebas-de-fiscalia-de-ecuador-que-lo-vinculan-con-el-asesinato-de-fernando-v\/","title":{"rendered":"Audiencia de Jos\u00e9 Serrano se suspendi\u00f3 tras pruebas de Fiscal\u00eda de Ecuador que lo vinculan con el asesinato de Fernando V."},"content":{"rendered":"<p>El exministro de Rafael Correa,<a title=\" Jos\u00e9 Serrano,\u00a0volvi\u00f3 a enfrentar este lunes una\u00a0audiencia de car\u00e1cter migratorio en Miami\" href=\"https:\/\/www.larepublica.ec\/blog\/2025\/08\/25\/empieza-primera-audiencia-contra-el-exministro-de-correa-jose-serrano-en-ee-uu\/\" target=\"_blank\" rel=\"noopener\">\u00a0<strong>Jos\u00e9 Serrano,<\/strong>\u00a0volvi\u00f3 a enfrentar este lunes una<strong>\u00a0audiencia de car\u00e1cter migratorio en Miami<\/strong><\/a><strong>,<\/strong>\u00a0<a title=\"Estados Unidos\" href=\"https:\/\/es.wikipedia.org\/wiki\/Estados_Unidos\" target=\"_blank\" rel=\"noopener\">Estados Unidos<\/a>. Sin embargo,\u00a0<strong>una juez suspendi\u00f3 la diligencia por segunda vez.\u00a0<\/strong>Esta decisi\u00f3n se da luego de que la\u00a0<strong>Fiscal\u00eda de Ecuador remitiera informaci\u00f3n a Estados Unidos\u00a0<\/strong>\u00a0sobre<strong>\u00a0la implicaci\u00f3n del exfuncionario en el caso del asesinato del periodista y excandidato presidencial Fernando Villavicencio<\/strong><\/p>\n<p>La audiencia se llev\u00f3 a cabo con total hermetismo. La abogada del detenido ingres\u00f3 al Centro de Procesamiento Krome sin poder utilizar su celular y los medios de comunicaci\u00f3n tuvieron que esperar en los exteriores.<\/p>\n<p>Durante casi cinco horas se analiz\u00f3 el estado migratorio de Serrano y si es que existen elementos para deportarlo, pero la magistrada Romy Lerner suspendi\u00f3 la diligencia, seg\u00fan inform\u00f3 el diario El Universo, sin embargo, Serrano continuar\u00e1 detenido en la c\u00e1rcel de Florida donde ha estado estos \u00faltimos 17 d\u00edas.<\/p>\n<p>Mientras tanto, en Ecuador, este martes 26 de agosto, el Ministerio P\u00fablico formular\u00e1 cargos en contra de Serrano, Xavier Jord\u00e1n, Ronny Aleaga y Daniel Salcedo en una audiencia que est\u00e1 prevista para las 08:40 en la Unidad Judicial Penal I\u00f1aquito.<\/p>\n<p>Hasta ahora se desconoce la fecha en la que se reanudar\u00e1 la diligencia migratoria en Estados Unidos, pero se espera que suceda una vez que Serrano tenga alguna medida bajo sus espaldas como prisi\u00f3n preventiva u orden de captura de la Interpol. (I)<\/p>\n","protected":false},"excerpt":{"rendered":"<p>El exministro de Rafael Correa,\u00a0Jos\u00e9 Serrano,\u00a0volvi\u00f3 a enfrentar este lunes una\u00a0audiencia de car\u00e1cter migratorio en Miami,\u00a0Estados Unidos. Sin embargo,\u00a0una juez suspendi\u00f3 la diligencia por segunda vez.\u00a0Esta decisi\u00f3n se da luego de que la\u00a0Fiscal\u00eda de Ecuador remitiera informaci\u00f3n a Estados Unidos\u00a0\u00a0sobre\u00a0la implicaci\u00f3n del exfuncionario en el caso del asesinato del periodista y excandidato presidencial Fernando Villavicencio [&hellip;]<\/p>\n","protected":false},"author":1,"featured_media":15012,"comment_status":"open","ping_status":"open","sticky":false,"template":"","format":"standard","meta":{"footnotes":""},"categories":[12],"tags":[],"_links":{"self":[{"href":"https:\/\/infozamoraec.com\/index.php\/wp-json\/wp\/v2\/posts\/15011"}],"collection":[{"href":"https:\/\/infozamoraec.com\/index.php\/wp-json\/wp\/v2\/posts"}],"about":[{"href":"https:\/\/infozamoraec.com\/index.php\/wp-json\/wp\/v2\/types\/post"}],"author":[{"embeddable":true,"href":"https:\/\/infozamoraec.com\/index.php\/wp-json\/wp\/v2\/users\/1"}],"replies":[{"embeddable":true,"href":"https:\/\/infozamoraec.com\/index.php\/wp-json\/wp\/v2\/comments?post=15011"}],"version-history":[{"count":1,"href":"https:\/\/infozamoraec.com\/index.php\/wp-json\/wp\/v2\/posts\/15011\/revisions"}],"predecessor-version":[{"id":15013,"href":"https:\/\/infozamoraec.com\/index.php\/wp-json\/wp\/v2\/posts\/15011\/revisions\/15013"}],"wp:featuredmedia":[{"embeddable":true,"href":"https:\/\/infozamoraec.com\/index.php\/wp-json\/wp\/v2\/media\/15012"}],"wp:attachment":[{"href":"https:\/\/infozamoraec.com\/index.php\/wp-json\/wp\/v2\/media?parent=15011"}],"wp:term":[{"taxonomy":"category","embeddable":true,"href":"https:\/\/infozamoraec.com\/index.php\/wp-json\/wp\/v2\/categories?post=15011"},{"taxonomy":"post_tag","embeddable":true,"href":"https:\/\/infozamoraec.com\/index.php\/wp-json\/wp\/v2\/tags?post=15011"}],"curies":[{"name":"wp","href":"https:\/\/api.w.org\/{rel}","templated":true}]}}