{"id":15008,"date":"2025-08-26T01:50:14","date_gmt":"2025-08-26T01:50:14","guid":{"rendered":"https:\/\/infozamoraec.com\/?p=15008"},"modified":"2025-08-26T01:50:14","modified_gmt":"2025-08-26T01:50:14","slug":"abogado-de-fito-pedira-mas-tiempo-a-la-corte-de-nueva-york","status":"publish","type":"post","link":"https:\/\/infozamoraec.com\/index.php\/2025\/08\/26\/abogado-de-fito-pedira-mas-tiempo-a-la-corte-de-nueva-york\/","title":{"rendered":"Abogado de \u2018Fito\u2019 pedir\u00e1 m\u00e1s tiempo a la corte de Nueva York"},"content":{"rendered":"<p>El pasado julio de 2025, alias \u2018Fito\u2019, el l\u00edder de la banda criminal Los Choneros, se inform\u00f3 que el narcotraficante m\u00e1s poderoso de Ecuador se declarar\u00e1 no culpable de todos los cargos que le imputa la justicia en Estados Unidos.<\/p>\n<p>Seg\u00fan confirm\u00f3 Alexei Schacht, abogado defensor de Adolfo Mac\u00edas Villamar su defendido \u00abno se declarar\u00e1 culpable el 19 de septiembre\u00bb, cuando estaba prevista una nueva audiencia en la Corte del Distrito del Este de Nueva York.<\/p>\n<p>\u00abEn realidad, planeo pedir m\u00e1s tiempo a la Corte para trabajar en el caso antes de que el se\u00f1or Mac\u00edas vaya a juicio o se declare culpable\u00ab, dijo Schacht al medio Primicias.<\/p>\n<p>En julio de este a\u00f1o y luego de la extradici\u00f3n de Fito desde Ecuador, el defensor de \u2018Fito\u2019 hab\u00eda se\u00f1alado que a\u00fan no revisaba el expediente de Mac\u00edas, ni tampoco hab\u00eda hablado con su defendido.<\/p>\n<p>En el caso \u2018Blanqueo Fito\u2019, Fiscal\u00eda pide fecha para vincular a familiares del narco ecuatoriano<br \/>\nDe all\u00ed que la jueza Vera Scanlon acord\u00f3 suspender la audiencia hasta el pr\u00f3ximo 19 de septiembre de 2025.<\/p>\n<p>Dicha audiencia ser\u00e1 ante un juez distrital, de mayor rango que la jueza que presidi\u00f3 la primera diligencia. Ser\u00e1 una \u00abstatus conference\u00bb, en la que se informa al juez el estado del caso, si ha habido negociaciones o si se prosigue hacia un juicio. (I)<\/p>\n<p>&nbsp;<\/p>\n","protected":false},"excerpt":{"rendered":"<p>El pasado julio de 2025, alias \u2018Fito\u2019, el l\u00edder de la banda criminal Los Choneros, se inform\u00f3 que el narcotraficante m\u00e1s poderoso de Ecuador se declarar\u00e1 no culpable de todos los cargos que le imputa la justicia en Estados Unidos. Seg\u00fan confirm\u00f3 Alexei Schacht, abogado defensor de Adolfo Mac\u00edas Villamar su defendido \u00abno se declarar\u00e1 [&hellip;]<\/p>\n","protected":false},"author":1,"featured_media":15009,"comment_status":"open","ping_status":"open","sticky":false,"template":"","format":"standard","meta":{"footnotes":""},"categories":[12],"tags":[],"_links":{"self":[{"href":"https:\/\/infozamoraec.com\/index.php\/wp-json\/wp\/v2\/posts\/15008"}],"collection":[{"href":"https:\/\/infozamoraec.com\/index.php\/wp-json\/wp\/v2\/posts"}],"about":[{"href":"https:\/\/infozamoraec.com\/index.php\/wp-json\/wp\/v2\/types\/post"}],"author":[{"embeddable":true,"href":"https:\/\/infozamoraec.com\/index.php\/wp-json\/wp\/v2\/users\/1"}],"replies":[{"embeddable":true,"href":"https:\/\/infozamoraec.com\/index.php\/wp-json\/wp\/v2\/comments?post=15008"}],"version-history":[{"count":1,"href":"https:\/\/infozamoraec.com\/index.php\/wp-json\/wp\/v2\/posts\/15008\/revisions"}],"predecessor-version":[{"id":15010,"href":"https:\/\/infozamoraec.com\/index.php\/wp-json\/wp\/v2\/posts\/15008\/revisions\/15010"}],"wp:featuredmedia":[{"embeddable":true,"href":"https:\/\/infozamoraec.com\/index.php\/wp-json\/wp\/v2\/media\/15009"}],"wp:attachment":[{"href":"https:\/\/infozamoraec.com\/index.php\/wp-json\/wp\/v2\/media?parent=15008"}],"wp:term":[{"taxonomy":"category","embeddable":true,"href":"https:\/\/infozamoraec.com\/index.php\/wp-json\/wp\/v2\/categories?post=15008"},{"taxonomy":"post_tag","embeddable":true,"href":"https:\/\/infozamoraec.com\/index.php\/wp-json\/wp\/v2\/tags?post=15008"}],"curies":[{"name":"wp","href":"https:\/\/api.w.org\/{rel}","templated":true}]}}