{"id":14984,"date":"2025-08-23T14:12:33","date_gmt":"2025-08-23T14:12:33","guid":{"rendered":"https:\/\/infozamoraec.com\/?p=14984"},"modified":"2025-08-23T14:12:33","modified_gmt":"2025-08-23T14:12:33","slug":"fiscalia-vinculara-a-funcionario-de-la-judicatura-de-santo-domingo-de-los-tsachilas-en-el-caso-vidrio-libre","status":"publish","type":"post","link":"https:\/\/infozamoraec.com\/index.php\/2025\/08\/23\/fiscalia-vinculara-a-funcionario-de-la-judicatura-de-santo-domingo-de-los-tsachilas-en-el-caso-vidrio-libre\/","title":{"rendered":"Fiscal\u00eda vincular\u00e1 a funcionario de la Judicatura de Santo Domingo de los Ts\u00e1chilas en el caso Vidrio Libre"},"content":{"rendered":"<p>La conjueza Gabriela Mier, de la Corte Nacional de Justicia (CNJ), defini\u00f3 para el primer lunes, 25 de agosto, desde las 08:30, la audiencia en la que el fiscal general encargado, Wilson Toainga, vincular\u00e1 a \u00c9dison Andr\u00e9s V. T. a la instrucci\u00f3n fiscal dentro del caso Vidrio Libre, en el que son procesados por el delito de asociaci\u00f3n il\u00edcita el expresidente de la Judicatura y exjuez de la Corte Nacional Wilman Ter\u00e1n, otros dos exfuncionarios judiciales y dos abogados en libre ejercicio.<\/p>\n<p>La vinculaci\u00f3n se dar\u00e1 a los 73 d\u00edas de iniciada la instrucci\u00f3n fiscal por el conjuez Hern\u00e1n Barros contra Ter\u00e1n \u2014alias Diablo\u2014, contra la exjueza penal y el exfiscal de Santo Domingo de los Ts\u00e1chilas Anabell T. C. y V\u00edctor Hugo Alc\u00edvar, respectivamente, y contra los exabogados del exvicepresidente corre\u00edsta Jorge Glas \u00c9dison Loaiza y Cristian Palacios.<\/p>\n<p>Luego de casi tres meses de abierta la instrucci\u00f3n, el fiscal Wilson Toainga asegura haber encontrado datos que le har\u00edan presumir la participaci\u00f3n de \u00c9dison Andr\u00e9s V. T. en los hechos investigados bajo el delito de asociaci\u00f3n il\u00edcita, y pide que se realice una audiencia para formular cargos y vincularlo al proceso penal. La persona por ser vinculada habr\u00eda sido un funcionario en el \u00c1rea de Talento Humano del Consejo de la Judicatura (CJ) en la provincia de Santo Domingo de los Ts\u00e1chilas.<\/p>\n<p>Desde el 13 de junio pasado, la Fiscal\u00eda persigue una asociaci\u00f3n il\u00edcita que tiene relaci\u00f3n con los hechos por los que se logr\u00f3 que el l\u00edder del movimiento de la Revoluci\u00f3n Ciudadana (RC) consiguiera salir de la c\u00e1rcel, seg\u00fan dijo el fiscal general, \u201cevadiendo la acci\u00f3n de la justicia\u201d.<\/p>\n<p>El fiscal Toainga mantiene la teor\u00eda de que la libertad del exvicepresidente Glas fue \u201cfraguada\u201d por funcionarios p\u00fablicos relacionados con el CJ, as\u00ed como por abogados en libre ejercicio, quienes, asociados, se habr\u00edan valido de una acci\u00f3n constitucional de medida cautelar aut\u00f3noma para conseguir ileg\u00edtimamente la libertad de quien en su momento fue el compa\u00f1ero presidencial de Rafael Correa.<\/p>\n<p>Seg\u00fan la Fiscal\u00eda, para alcanzar la irregular libertad de Glas, previamente Ter\u00e1n se reuni\u00f3 con el entonces juez de Santo Domingo de los Ts\u00e1chilas \u00c9merson Curipallo en el domicilio de la entonces jueza Anabell T. C. Aparentemente, alias Diablo pretend\u00eda solicitar el otorgamiento de la libertad del ex segundo mandatario comprometi\u00e9ndose a archivar todos los expedientes disciplinarios, evitando su destituci\u00f3n, inclusive ofreciendo un blindaje o protecci\u00f3n desde el CJ a favor del juez Curipallo.<\/p>\n<p>El fallo del juez Curipallo, record\u00f3 Toainga, habr\u00eda sido impulsado por el entonces fiscal V\u00edctor Hugo Alc\u00edvar, quien habr\u00eda referido a Curipallo que ejecutara lo solicitado a favor de Glas, informando que no hab\u00eda preocupaci\u00f3n por el Servicio Nacional de Atenci\u00f3n a Personas Privadas de la Libertad (SNAI), pues el abogado de Jorge Glas, \u00c9dison Loaiza, era quien garantizar\u00eda la \u201cnula intervenci\u00f3n\u201d de parte del SNAI.<\/p>\n<p>Finalmente, Toainga explic\u00f3 que, luego de influir en la decisi\u00f3n jurisdiccional que se pretend\u00eda, el siguiente paso implicaba la elaboraci\u00f3n de la medida cautelar. Su preparaci\u00f3n habr\u00eda estado a cargo de Ter\u00e1n, mientras que de la coordinaci\u00f3n del sorteo en la Unidad Judicial de Santo Domingo se encargar\u00eda la en ese momento jueza Anabell T. C., dejando el patrocinio, presentaci\u00f3n y tramitaci\u00f3n de la acci\u00f3n constitucional en manos del abogado Palacios.<\/p>\n<p>En medio de todos estos hechos, la Fiscal\u00eda tendr\u00eda claro el punto exacto en que intervino el funcionario de Talento Humano de la Judicatura en la provincia ts\u00e1chila.<\/p>\n<p>Un d\u00eda despu\u00e9s de la audiencia de vinculaci\u00f3n, el CJ deber\u00e1 acudir al octavo piso de la CNJ para reconocer el contenido de la denuncia que hace como acusaci\u00f3n particular contra los cinco iniciales procesados. La Judicatura ha justificado su pedido refiriendo que la conducta de los procesados se adec\u00faa al tipo penal de asociaci\u00f3n il\u00edcita, que afecta de forma directa a la Funci\u00f3n Judicial por encontrarse vinculados exfuncionarios de la Funci\u00f3n Judicial y que atenta contra la misi\u00f3n, funci\u00f3n, transparencia e imagen institucional.<\/p>\n","protected":false},"excerpt":{"rendered":"<p>La conjueza Gabriela Mier, de la Corte Nacional de Justicia (CNJ), defini\u00f3 para el primer lunes, 25 de agosto, desde las 08:30, la audiencia en la que el fiscal general encargado, Wilson Toainga, vincular\u00e1 a \u00c9dison Andr\u00e9s V. T. a la instrucci\u00f3n fiscal dentro del caso Vidrio Libre, en el que son procesados por el [&hellip;]<\/p>\n","protected":false},"author":1,"featured_media":14985,"comment_status":"open","ping_status":"open","sticky":false,"template":"","format":"standard","meta":{"footnotes":""},"categories":[12],"tags":[],"_links":{"self":[{"href":"https:\/\/infozamoraec.com\/index.php\/wp-json\/wp\/v2\/posts\/14984"}],"collection":[{"href":"https:\/\/infozamoraec.com\/index.php\/wp-json\/wp\/v2\/posts"}],"about":[{"href":"https:\/\/infozamoraec.com\/index.php\/wp-json\/wp\/v2\/types\/post"}],"author":[{"embeddable":true,"href":"https:\/\/infozamoraec.com\/index.php\/wp-json\/wp\/v2\/users\/1"}],"replies":[{"embeddable":true,"href":"https:\/\/infozamoraec.com\/index.php\/wp-json\/wp\/v2\/comments?post=14984"}],"version-history":[{"count":1,"href":"https:\/\/infozamoraec.com\/index.php\/wp-json\/wp\/v2\/posts\/14984\/revisions"}],"predecessor-version":[{"id":14986,"href":"https:\/\/infozamoraec.com\/index.php\/wp-json\/wp\/v2\/posts\/14984\/revisions\/14986"}],"wp:featuredmedia":[{"embeddable":true,"href":"https:\/\/infozamoraec.com\/index.php\/wp-json\/wp\/v2\/media\/14985"}],"wp:attachment":[{"href":"https:\/\/infozamoraec.com\/index.php\/wp-json\/wp\/v2\/media?parent=14984"}],"wp:term":[{"taxonomy":"category","embeddable":true,"href":"https:\/\/infozamoraec.com\/index.php\/wp-json\/wp\/v2\/categories?post=14984"},{"taxonomy":"post_tag","embeddable":true,"href":"https:\/\/infozamoraec.com\/index.php\/wp-json\/wp\/v2\/tags?post=14984"}],"curies":[{"name":"wp","href":"https:\/\/api.w.org\/{rel}","templated":true}]}}