{"id":14981,"date":"2025-08-23T13:39:15","date_gmt":"2025-08-23T13:39:15","guid":{"rendered":"https:\/\/infozamoraec.com\/?p=14981"},"modified":"2025-08-23T13:39:15","modified_gmt":"2025-08-23T13:39:15","slug":"ecuador-y-guatemala-suscriben-acuerdo-contra-la-trata-de-migrantes-y-seguridad-alimentaria","status":"publish","type":"post","link":"https:\/\/infozamoraec.com\/index.php\/2025\/08\/23\/ecuador-y-guatemala-suscriben-acuerdo-contra-la-trata-de-migrantes-y-seguridad-alimentaria\/","title":{"rendered":"Ecuador y Guatemala suscriben acuerdo contra la trata de migrantes y seguridad alimentaria"},"content":{"rendered":"<p>La vicepresidenta de Guatemala, Karin Herrera, realiza una gira de trabajo en Quito, Ecuador y se reuni\u00f3 con su hom\u00f3loga, Mar\u00eda Jos\u00e9 Pinto y abordaron diferentes temas como seguridad alimentaria, trata de personas y atenci\u00f3n a la primera infancia.<\/p>\n<p>Durante el encuentro, ambas expresaron la amistad que une a Ecuador y Guatemala, y resaltaron el liderazgo de las mujeres en el Estado con la convicci\u00f3n de transformar realidades. All\u00ed, Ecuador suscribi\u00f3 el acuerdo contra la trata de migrantes, apuessta poor seguridad, segurridad alimentaria y atenci\u00f3n a la primera infancia, recordando que Pinto, est\u00e1 al frente del programa \u00abEcuador crece sin desnutrici\u00f3n c\u00b4ronica infantil\u00bb puesta all\u00ed por el presidente Daniel Noboa.<\/p>\n<p>En el tema alimantario, Herrera tambi\u00e9n ha sostenido pl\u00e1ticas para consolidar y robustecer la seguridad alimentaria en Guatemala con Boris Cornejo, presidente del Consejo Consultivo para la Prevenci\u00f3n y Reducci\u00f3n de la Desnutrici\u00f3n Cr\u00f3nica Infantil, resalt\u00f3 el medio Diario de Centroam\u00e9rica.<\/p>\n<p>Adem\u00e1s, Herrrera se reuni\u00f3 ayer con el viceministro de Seguridad P\u00fablica del Ministerio del Interior, Fausto Olivo y durante el encuentro se abordaron temas relacionados con el fortalecimiento de la cooperaci\u00f3n en materia de personas desaparecidas y el combate de delitos como trata de personas y tr\u00e1fico il\u00edcito de migrantes.<\/p>\n<p>Asimismo, se firm\u00f3 un Memorando de Entendimiento en estas \u00e1reas, propuesta que fue acogida por Guatemala.<\/p>\n<p>Tambi\u00e9n, se abord\u00f3 el intercambio de buenas pr\u00e1cticas y experiencias en beneficio de ambos pa\u00edses. (I)<\/p>\n","protected":false},"excerpt":{"rendered":"<p>La vicepresidenta de Guatemala, Karin Herrera, realiza una gira de trabajo en Quito, Ecuador y se reuni\u00f3 con su hom\u00f3loga, Mar\u00eda Jos\u00e9 Pinto y abordaron diferentes temas como seguridad alimentaria, trata de personas y atenci\u00f3n a la primera infancia. Durante el encuentro, ambas expresaron la amistad que une a Ecuador y Guatemala, y resaltaron el [&hellip;]<\/p>\n","protected":false},"author":1,"featured_media":14982,"comment_status":"open","ping_status":"open","sticky":false,"template":"","format":"standard","meta":{"footnotes":""},"categories":[12],"tags":[],"_links":{"self":[{"href":"https:\/\/infozamoraec.com\/index.php\/wp-json\/wp\/v2\/posts\/14981"}],"collection":[{"href":"https:\/\/infozamoraec.com\/index.php\/wp-json\/wp\/v2\/posts"}],"about":[{"href":"https:\/\/infozamoraec.com\/index.php\/wp-json\/wp\/v2\/types\/post"}],"author":[{"embeddable":true,"href":"https:\/\/infozamoraec.com\/index.php\/wp-json\/wp\/v2\/users\/1"}],"replies":[{"embeddable":true,"href":"https:\/\/infozamoraec.com\/index.php\/wp-json\/wp\/v2\/comments?post=14981"}],"version-history":[{"count":1,"href":"https:\/\/infozamoraec.com\/index.php\/wp-json\/wp\/v2\/posts\/14981\/revisions"}],"predecessor-version":[{"id":14983,"href":"https:\/\/infozamoraec.com\/index.php\/wp-json\/wp\/v2\/posts\/14981\/revisions\/14983"}],"wp:featuredmedia":[{"embeddable":true,"href":"https:\/\/infozamoraec.com\/index.php\/wp-json\/wp\/v2\/media\/14982"}],"wp:attachment":[{"href":"https:\/\/infozamoraec.com\/index.php\/wp-json\/wp\/v2\/media?parent=14981"}],"wp:term":[{"taxonomy":"category","embeddable":true,"href":"https:\/\/infozamoraec.com\/index.php\/wp-json\/wp\/v2\/categories?post=14981"},{"taxonomy":"post_tag","embeddable":true,"href":"https:\/\/infozamoraec.com\/index.php\/wp-json\/wp\/v2\/tags?post=14981"}],"curies":[{"name":"wp","href":"https:\/\/api.w.org\/{rel}","templated":true}]}}