{"id":14978,"date":"2025-08-23T13:36:30","date_gmt":"2025-08-23T13:36:30","guid":{"rendered":"https:\/\/infozamoraec.com\/?p=14978"},"modified":"2025-08-23T13:36:30","modified_gmt":"2025-08-23T13:36:30","slug":"asambleistas-evidencian-graves-deficiencias-en-hospitales-de-loja-y-piden-declarar-en-emergencia-el-sistema-de-salud","status":"publish","type":"post","link":"https:\/\/infozamoraec.com\/index.php\/2025\/08\/23\/asambleistas-evidencian-graves-deficiencias-en-hospitales-de-loja-y-piden-declarar-en-emergencia-el-sistema-de-salud\/","title":{"rendered":"Asamble\u00edstas evidencian graves deficiencias en hospitales de Loja y piden declarar en emergencia el sistema de salud"},"content":{"rendered":"<p data-start=\"244\" data-end=\"583\">La infraestructura deteriorada, la falta de insumos y la escasez de personal m\u00e9dico fueron parte de las irregularidades encontradas durante una visita de fiscalizaci\u00f3n realizada el \u00faltimo fin de semana en hospitales de Catacocha, Vilcabamba y Loja, por las asamble\u00edstas Mar\u00eda Ver\u00f3nica \u00cd\u00f1iguez Gallardo y Eliana Katherine Correa Gonz\u00e1lez.<\/p>\n<p data-start=\"585\" data-end=\"1055\">En su recorrido, las legisladoras constataron problemas en el Hospital Isidro Ayora y el Manuel Ygnacio Monteros Valdivieso, del IESS, as\u00ed como en casas de salud de Catacocha y Vilcabamba. Seg\u00fan \u00cd\u00f1iguez, los hospitales presentan un \u201ccascar\u00f3n\u201d de infraestructura, con equipos da\u00f1ados, camas y termocunas inservibles, ausencia de f\u00e1rmacos, laboratorios que solo funcionan en horario laboral y carencia de personal especializado, lo que afecta la atenci\u00f3n a los usuarios.<\/p>\n<p data-start=\"1057\" data-end=\"1428\">En Catacocha, por ejemplo, las termocunas y las l\u00e1mparas de los quir\u00f3fanos no funcionan, y en Vilcabamba, el hospital no cuenta con lavander\u00eda ni servicios de seguridad, lo que obliga a que una persona lave a mano dos veces por semana. En Loja, se evidenciaron pacientes que esperaban hasta nueve horas por atenci\u00f3n m\u00e9dica y camas saturadas en \u00e1reas de hospitalizaci\u00f3n.<\/p>\n<p data-start=\"1430\" data-end=\"1856\">Ante esta situaci\u00f3n, las asamble\u00edstas reiteraron el pedido al Gobierno Nacional para que se declare en emergencia el sistema sanitario. Eliana Correa record\u00f3 que, desde julio pasado, la bancada de la Revoluci\u00f3n Ciudadana ha solicitado sin \u00e9xito un cambio en el orden del d\u00eda en el Pleno de la Asamblea para tratar esta declaratoria, respaldada tambi\u00e9n por gremios de profesionales y pacientes con enfermedades catastr\u00f3ficas.<\/p>\n<p data-start=\"1858\" data-end=\"2104\">Pocos d\u00edas despu\u00e9s de estas inspecciones, el coordinador de la Zonal 7 de Salud, Manuel Jos\u00e9 Procel Gonz\u00e1lez, present\u00f3 su renuncia \u201cvoluntaria e irrevocable\u201d al cargo, seg\u00fan inform\u00f3 este 20 de agosto, aduciendo motivos estrictamente personales.<\/p>\n","protected":false},"excerpt":{"rendered":"<p>La infraestructura deteriorada, la falta de insumos y la escasez de personal m\u00e9dico fueron parte de las irregularidades encontradas durante una visita de fiscalizaci\u00f3n realizada el \u00faltimo fin de semana en hospitales de Catacocha, Vilcabamba y Loja, por las asamble\u00edstas Mar\u00eda Ver\u00f3nica \u00cd\u00f1iguez Gallardo y Eliana Katherine Correa Gonz\u00e1lez. En su recorrido, las legisladoras constataron [&hellip;]<\/p>\n","protected":false},"author":1,"featured_media":14979,"comment_status":"open","ping_status":"open","sticky":false,"template":"","format":"standard","meta":{"footnotes":""},"categories":[12],"tags":[],"_links":{"self":[{"href":"https:\/\/infozamoraec.com\/index.php\/wp-json\/wp\/v2\/posts\/14978"}],"collection":[{"href":"https:\/\/infozamoraec.com\/index.php\/wp-json\/wp\/v2\/posts"}],"about":[{"href":"https:\/\/infozamoraec.com\/index.php\/wp-json\/wp\/v2\/types\/post"}],"author":[{"embeddable":true,"href":"https:\/\/infozamoraec.com\/index.php\/wp-json\/wp\/v2\/users\/1"}],"replies":[{"embeddable":true,"href":"https:\/\/infozamoraec.com\/index.php\/wp-json\/wp\/v2\/comments?post=14978"}],"version-history":[{"count":1,"href":"https:\/\/infozamoraec.com\/index.php\/wp-json\/wp\/v2\/posts\/14978\/revisions"}],"predecessor-version":[{"id":14980,"href":"https:\/\/infozamoraec.com\/index.php\/wp-json\/wp\/v2\/posts\/14978\/revisions\/14980"}],"wp:featuredmedia":[{"embeddable":true,"href":"https:\/\/infozamoraec.com\/index.php\/wp-json\/wp\/v2\/media\/14979"}],"wp:attachment":[{"href":"https:\/\/infozamoraec.com\/index.php\/wp-json\/wp\/v2\/media?parent=14978"}],"wp:term":[{"taxonomy":"category","embeddable":true,"href":"https:\/\/infozamoraec.com\/index.php\/wp-json\/wp\/v2\/categories?post=14978"},{"taxonomy":"post_tag","embeddable":true,"href":"https:\/\/infozamoraec.com\/index.php\/wp-json\/wp\/v2\/tags?post=14978"}],"curies":[{"name":"wp","href":"https:\/\/api.w.org\/{rel}","templated":true}]}}