{"id":14966,"date":"2025-08-23T02:15:09","date_gmt":"2025-08-23T02:15:09","guid":{"rendered":"https:\/\/infozamoraec.com\/?p=14966"},"modified":"2025-08-23T02:15:09","modified_gmt":"2025-08-23T02:15:09","slug":"union-nacional-de-periodistas-lamenta-asesinato-de-xavier-ramos-y-pide-investigacion-rapida","status":"publish","type":"post","link":"https:\/\/infozamoraec.com\/index.php\/2025\/08\/23\/union-nacional-de-periodistas-lamenta-asesinato-de-xavier-ramos-y-pide-investigacion-rapida\/","title":{"rendered":"Uni\u00f3n Nacional de Periodistas lamenta asesinato de Xavier Ramos y pide investigaci\u00f3n r\u00e1pida"},"content":{"rendered":"<p>La Uni\u00f3n Nacional de Periodistas del Ecuador (UNP) lament\u00f3 este viernes el asesinato de Xavier Ramos, periodista de EL UNIVERSO.<\/p>\n<p>El gremio se solidariz\u00f3 con la familia de Xavier y con los directivos y compa\u00f1eros de EL UNIVERSO por la p\u00e9rdida de uno de sus m\u00e1s valiosos reporteros.<\/p>\n<p>Ramos fue hallado muerto la noche del jueves en su departamento en la ciudadela Alborada.<\/p>\n<p>La UNP solicit\u00f3 a las autoridades una seria, profunda y r\u00e1pida investigaci\u00f3n sobre este asesinato en busca de descubrir a sus autores e imponer las sanciones que contemplan las leyes que rigen en el pa\u00eds.<\/p>\n<p>\u201cEl periodismo ecuatoriano se encuentra alarmado por este ambiente de inseguridad que enfrentan los profesionales y los medios de comunicaci\u00f3n en su trabajo diario. Por tanto, la UNP solicita al Gobierno nacional una justa y pr\u00e1ctica protecci\u00f3n para los comunicadores\u201d, dijo Crist\u00f3bal Pe\u00f1afiel, presidente de la Uni\u00f3n Nacional de Periodistas del Ecuador.<\/p>\n<p>El Colegio de Periodista del Guayas tambi\u00e9n mostr\u00f3 sus condolencias ante la muerte de Ramos. \u201cNuestras oraciones est\u00e1n con ustedes para el Se\u00f1or llene de consuelo y fortalezca sus corazones\u201d, indic\u00f3 el mensaje del Colegio.<\/p>\n","protected":false},"excerpt":{"rendered":"<p>La Uni\u00f3n Nacional de Periodistas del Ecuador (UNP) lament\u00f3 este viernes el asesinato de Xavier Ramos, periodista de EL UNIVERSO. El gremio se solidariz\u00f3 con la familia de Xavier y con los directivos y compa\u00f1eros de EL UNIVERSO por la p\u00e9rdida de uno de sus m\u00e1s valiosos reporteros. Ramos fue hallado muerto la noche del [&hellip;]<\/p>\n","protected":false},"author":1,"featured_media":14967,"comment_status":"open","ping_status":"open","sticky":false,"template":"","format":"standard","meta":{"footnotes":""},"categories":[12],"tags":[],"_links":{"self":[{"href":"https:\/\/infozamoraec.com\/index.php\/wp-json\/wp\/v2\/posts\/14966"}],"collection":[{"href":"https:\/\/infozamoraec.com\/index.php\/wp-json\/wp\/v2\/posts"}],"about":[{"href":"https:\/\/infozamoraec.com\/index.php\/wp-json\/wp\/v2\/types\/post"}],"author":[{"embeddable":true,"href":"https:\/\/infozamoraec.com\/index.php\/wp-json\/wp\/v2\/users\/1"}],"replies":[{"embeddable":true,"href":"https:\/\/infozamoraec.com\/index.php\/wp-json\/wp\/v2\/comments?post=14966"}],"version-history":[{"count":1,"href":"https:\/\/infozamoraec.com\/index.php\/wp-json\/wp\/v2\/posts\/14966\/revisions"}],"predecessor-version":[{"id":14968,"href":"https:\/\/infozamoraec.com\/index.php\/wp-json\/wp\/v2\/posts\/14966\/revisions\/14968"}],"wp:featuredmedia":[{"embeddable":true,"href":"https:\/\/infozamoraec.com\/index.php\/wp-json\/wp\/v2\/media\/14967"}],"wp:attachment":[{"href":"https:\/\/infozamoraec.com\/index.php\/wp-json\/wp\/v2\/media?parent=14966"}],"wp:term":[{"taxonomy":"category","embeddable":true,"href":"https:\/\/infozamoraec.com\/index.php\/wp-json\/wp\/v2\/categories?post=14966"},{"taxonomy":"post_tag","embeddable":true,"href":"https:\/\/infozamoraec.com\/index.php\/wp-json\/wp\/v2\/tags?post=14966"}],"curies":[{"name":"wp","href":"https:\/\/api.w.org\/{rel}","templated":true}]}}