{"id":14960,"date":"2025-08-23T02:10:54","date_gmt":"2025-08-23T02:10:54","guid":{"rendered":"https:\/\/infozamoraec.com\/?p=14960"},"modified":"2025-08-23T02:10:54","modified_gmt":"2025-08-23T02:10:54","slug":"ecuador-integra-cooperacion-policial-internacional-de-la-amazonia","status":"publish","type":"post","link":"https:\/\/infozamoraec.com\/index.php\/2025\/08\/23\/ecuador-integra-cooperacion-policial-internacional-de-la-amazonia\/","title":{"rendered":"Ecuador integra cooperaci\u00f3n policial internacional de la Amazon\u00eda"},"content":{"rendered":"<p>Presidentes, vicepresidentes y delegaciones de ocho pa\u00edses de la Amazon\u00eda, Ecuador incluido, clausuraron el 22 de agosto la<strong>\u00a0V Cumbre de Presidentes de Pa\u00edses Amaz\u00f3nicos con la aprobaci\u00f3n de la Declaraci\u00f3n de Bogot\u00e1, que recoge compromisos regionales para \u00abproteger\u00bb el pulm\u00f3n del mundo.\u00a0<\/strong><\/p>\n<p>En la sesi\u00f3n, que se extendi\u00f3 poco m\u00e1s de una hora, los presidentes de Colombia, Gustavo Petro; Brasil, Luiz In\u00e1cio Lula da Silva, y Bolivia, Luis Arce, y la vicepresidenta de Ecuador, Mar\u00eda Jos\u00e9 Pinto, presentaron en Bogot\u00e1 los resultados de la reuni\u00f3n que cont\u00f3 con representantes de los ocho pa\u00edses amaz\u00f3nicos.<\/p>\n<p>Los portavoces manifestaron que llegaron a acuerdos en temas como la crisis clim\u00e1tica, la lucha contra la deforestaci\u00f3n y el crimen organizado, as\u00ed como en el fortalecimiento del papel de los pueblos ind\u00edgenas en la protecci\u00f3n de la selva.<\/p>\n<p>Recalc\u00f3 la necesidad de acudir unidos a la COP30 de Bel\u00e9m do Par\u00e1 (Brasil) en noviembre para que el mundo \u00abdefina si prefiere la hambruna y la guerra o salvar la vida y la cultura humana en el planeta\u00bb.<\/p>\n<p>Cooperaci\u00f3n policial regional<br \/>\nPor su parte, Lula da Silva destac\u00f3 que la cumbre revitaliz\u00f3 la cooperaci\u00f3n regional con un modelo que prioriza el desarrollo sostenible e hizo hincapi\u00e9 en los acuerdos para fortalecer la gesti\u00f3n forestal, del agua y de los servicios de salud.<\/p>\n<p>Adem\u00e1s, el mandatario brasile\u00f1o destac\u00f3 la creaci\u00f3n del centro de cooperaci\u00f3n policial internacional de la Amazon\u00eda, que se inaugurar\u00e1 el 9 de septiembre con el objetivo de intensificar la lucha contra el crimen organizado y los mercados il\u00edcitos.<\/p>\n","protected":false},"excerpt":{"rendered":"<p>Presidentes, vicepresidentes y delegaciones de ocho pa\u00edses de la Amazon\u00eda, Ecuador incluido, clausuraron el 22 de agosto la\u00a0V Cumbre de Presidentes de Pa\u00edses Amaz\u00f3nicos con la aprobaci\u00f3n de la Declaraci\u00f3n de Bogot\u00e1, que recoge compromisos regionales para \u00abproteger\u00bb el pulm\u00f3n del mundo.\u00a0 En la sesi\u00f3n, que se extendi\u00f3 poco m\u00e1s de una hora, los presidentes [&hellip;]<\/p>\n","protected":false},"author":1,"featured_media":14961,"comment_status":"open","ping_status":"open","sticky":false,"template":"","format":"standard","meta":{"footnotes":""},"categories":[12],"tags":[],"_links":{"self":[{"href":"https:\/\/infozamoraec.com\/index.php\/wp-json\/wp\/v2\/posts\/14960"}],"collection":[{"href":"https:\/\/infozamoraec.com\/index.php\/wp-json\/wp\/v2\/posts"}],"about":[{"href":"https:\/\/infozamoraec.com\/index.php\/wp-json\/wp\/v2\/types\/post"}],"author":[{"embeddable":true,"href":"https:\/\/infozamoraec.com\/index.php\/wp-json\/wp\/v2\/users\/1"}],"replies":[{"embeddable":true,"href":"https:\/\/infozamoraec.com\/index.php\/wp-json\/wp\/v2\/comments?post=14960"}],"version-history":[{"count":1,"href":"https:\/\/infozamoraec.com\/index.php\/wp-json\/wp\/v2\/posts\/14960\/revisions"}],"predecessor-version":[{"id":14962,"href":"https:\/\/infozamoraec.com\/index.php\/wp-json\/wp\/v2\/posts\/14960\/revisions\/14962"}],"wp:featuredmedia":[{"embeddable":true,"href":"https:\/\/infozamoraec.com\/index.php\/wp-json\/wp\/v2\/media\/14961"}],"wp:attachment":[{"href":"https:\/\/infozamoraec.com\/index.php\/wp-json\/wp\/v2\/media?parent=14960"}],"wp:term":[{"taxonomy":"category","embeddable":true,"href":"https:\/\/infozamoraec.com\/index.php\/wp-json\/wp\/v2\/categories?post=14960"},{"taxonomy":"post_tag","embeddable":true,"href":"https:\/\/infozamoraec.com\/index.php\/wp-json\/wp\/v2\/tags?post=14960"}],"curies":[{"name":"wp","href":"https:\/\/api.w.org\/{rel}","templated":true}]}}