{"id":14909,"date":"2025-08-22T01:30:18","date_gmt":"2025-08-22T01:30:18","guid":{"rendered":"https:\/\/infozamoraec.com\/?p=14909"},"modified":"2025-08-22T01:30:18","modified_gmt":"2025-08-22T01:30:18","slug":"regular-el-consumo-del-cannabis-en-ecuador-cuenta-con-20-000-firmas","status":"publish","type":"post","link":"https:\/\/infozamoraec.com\/index.php\/2025\/08\/22\/regular-el-consumo-del-cannabis-en-ecuador-cuenta-con-20-000-firmas\/","title":{"rendered":"Regular el consumo del cannabis en Ecuador cuenta con 20.000 firmas"},"content":{"rendered":"<div class=\"cp-excerpt-xl\">\n<p>La Red de Organizaciones e Individuos Cann\u00e1bicos del Ecuador (Redcan) present\u00f3 en la Asamblea Nacional unas 20.000 firmas como parte del proceso de iniciativa popular normativa que busca\u00a0<strong>regular el uso del cannabis en el pa\u00eds<\/strong>.<\/p>\n<p>Cerca de las 15:30 de este jueves, 21 de agosto de 2025, representantes del colectivo llegaron hasta los exteriores del Palacio Legislativo, en Quito, para ingresar las r\u00fabricas, tras la disposici\u00f3n del\u00a0<strong>Consejo Nacional Electoral (CNE)<\/strong>.<\/p>\n<p><strong>Gabriel Buitr\u00f3n<\/strong>, vocero de Redcan y del colectivo Ecuador Cann\u00e1bico, coment\u00f3 que la iniciativa se impuls\u00f3 en enero de 2023. En diciembre de 2024, el proyecto para regular el consumo de esta planta se present\u00f3 ante el CNE, que en enero de este 2025 admiti\u00f3 a tr\u00e1mite la propuesta y dispuso la recolecci\u00f3n de firmas.<\/p>\n<p>Para que el proyecto de ley org\u00e1nica ingrese a tr\u00e1mite en el Legislativo, indic\u00f3 el representante, se requieren<strong>\u00a00,25 % de firmas del padr\u00f3n electoral, que equivalen a 35.000 r\u00fabricas<\/strong>. Es decir, agreg\u00f3, a\u00fan se necesitan 15.000 firmas, que esperan recaudar hasta octubre pr\u00f3ximo.<\/p>\n<p>\u201cEste ingreso de firmas la vamos a utilizar como una doble estrategia: para seguir el tr\u00e1mite dispuesto por el CNE y para comenzar a calentar el debate dentro de la Asamblea Nacional. Tambi\u00e9n estamos ingresando un oficio a la presidencia del Legislativo y a las comisiones de Salud, Desarrollo Econ\u00f3mico y Justicia\u201d, dijo.<\/p>\n<p>Buitr\u00f3n precis\u00f3 que, en caso de que se completen las firmas, el CNE deber\u00e1 validarlas. De superar esta fase, el organismo electoral dispondr\u00e1 al Parlamento que tramite el proyecto de ley en un plazo de 180 d\u00edas.<\/p>\n<p>Por su parte,\u00a0<strong>Daniela Rivadeneira, vocera de Redcan<\/strong>, consider\u00f3 que esta propuesta es relevante en materia de salud p\u00fablica, de reducci\u00f3n de da\u00f1os y para que se deje de criminalizar a los consumidores y productores de cannabis.<\/p>\n<p>\u201cEstamos dispuestos a tratar este tema con argumentos cient\u00edficos y para defender a pacientes, usuarios, consumidores y productores\u201d, dijo la activista.<\/p>\n<p>El proyecto de ley para regular el consumo del cannabis en Ecuador, que todav\u00eda no ingresa a la Asamblea Nacional, propone que esta planta pase a control del Estado para que se establezcan mecanismos de control para menores de edad, que los adultos que deseen consumir accedan a trav\u00e9s de una receta m\u00e9dica y paguen impuestos, los cuales deber\u00e1n ser invertidos en educaci\u00f3n y prevenci\u00f3n del consumo. La propuesta tambi\u00e9n sugiere la creaci\u00f3n de un instituto nacional para la regulaci\u00f3n del cannabis, entre otras disposiciones.<\/p>\n<p>&nbsp;<\/p>\n<\/div>\n","protected":false},"excerpt":{"rendered":"<p>La Red de Organizaciones e Individuos Cann\u00e1bicos del Ecuador (Redcan) present\u00f3 en la Asamblea Nacional unas 20.000 firmas como parte del proceso de iniciativa popular normativa que busca\u00a0regular el uso del cannabis en el pa\u00eds. Cerca de las 15:30 de este jueves, 21 de agosto de 2025, representantes del colectivo llegaron hasta los exteriores del [&hellip;]<\/p>\n","protected":false},"author":1,"featured_media":14910,"comment_status":"open","ping_status":"open","sticky":false,"template":"","format":"standard","meta":{"footnotes":""},"categories":[12],"tags":[],"_links":{"self":[{"href":"https:\/\/infozamoraec.com\/index.php\/wp-json\/wp\/v2\/posts\/14909"}],"collection":[{"href":"https:\/\/infozamoraec.com\/index.php\/wp-json\/wp\/v2\/posts"}],"about":[{"href":"https:\/\/infozamoraec.com\/index.php\/wp-json\/wp\/v2\/types\/post"}],"author":[{"embeddable":true,"href":"https:\/\/infozamoraec.com\/index.php\/wp-json\/wp\/v2\/users\/1"}],"replies":[{"embeddable":true,"href":"https:\/\/infozamoraec.com\/index.php\/wp-json\/wp\/v2\/comments?post=14909"}],"version-history":[{"count":1,"href":"https:\/\/infozamoraec.com\/index.php\/wp-json\/wp\/v2\/posts\/14909\/revisions"}],"predecessor-version":[{"id":14911,"href":"https:\/\/infozamoraec.com\/index.php\/wp-json\/wp\/v2\/posts\/14909\/revisions\/14911"}],"wp:featuredmedia":[{"embeddable":true,"href":"https:\/\/infozamoraec.com\/index.php\/wp-json\/wp\/v2\/media\/14910"}],"wp:attachment":[{"href":"https:\/\/infozamoraec.com\/index.php\/wp-json\/wp\/v2\/media?parent=14909"}],"wp:term":[{"taxonomy":"category","embeddable":true,"href":"https:\/\/infozamoraec.com\/index.php\/wp-json\/wp\/v2\/categories?post=14909"},{"taxonomy":"post_tag","embeddable":true,"href":"https:\/\/infozamoraec.com\/index.php\/wp-json\/wp\/v2\/tags?post=14909"}],"curies":[{"name":"wp","href":"https:\/\/api.w.org\/{rel}","templated":true}]}}