{"id":14906,"date":"2025-08-22T01:28:40","date_gmt":"2025-08-22T01:28:40","guid":{"rendered":"https:\/\/infozamoraec.com\/?p=14906"},"modified":"2025-08-22T01:28:40","modified_gmt":"2025-08-22T01:28:40","slug":"autoridades-haran-compras-masivas-de-medicamentos-tras-primera-reunion-del-comite-nacional-de-salud-publica","status":"publish","type":"post","link":"https:\/\/infozamoraec.com\/index.php\/2025\/08\/22\/autoridades-haran-compras-masivas-de-medicamentos-tras-primera-reunion-del-comite-nacional-de-salud-publica\/","title":{"rendered":"Autoridades har\u00e1n compras masivas de medicamentos, tras primera reuni\u00f3n del Comit\u00e9 Nacional de Salud P\u00fablica"},"content":{"rendered":"<p>El presidente del Consejo Directivo del IESS, Edgar Lama, anunci\u00f3 este jueves 21 de agosto la compra masiva de\u00a0<a href=\"https:\/\/www.ecuavisa.com\/metadatos\/-\/meta\/medicamentos\" target=\"_blank\" rel=\"noopener noreferrer nofollow\">medicamentos<\/a>\u00a0para asegurar el abastecimiento en casas de salud y que estas lleguen a los pacientes.<\/p>\n<p>\u00abEstamos listos para dar los primeros pasos para cambiar totalmente el modelo de gesti\u00f3n de salud enfermo, da\u00f1ado y perverso que se inventaron gobiernos anteriores (&#8230;) les vamos a quitar el dinero a las mafias de la salud que durante a\u00f1os han luchado para capturar hospitales&#8230;\u00bb, dijo Lama en declaraciones a la prensa.<\/p>\n<p>Jimmy Martin, ministro de Salud, dijo que ya tienen definido qu\u00e9 har\u00e1n y c\u00f3mo lo har\u00e1n para quitarle \u00abel poder y recursos\u00bb a las entidades operativas descentralizadas de salud que \u00absolamente ha favorecido a la corrupci\u00f3n, al desabastecimiento de los hospitales\u00bb.<\/p>\n<p>El martes 19 de agosto, el presidente Daniel Noboa cre\u00f3 el Comit\u00e9 Nacional de Salud P\u00fablica para garantizar el acceso y la calidad de los servicios m\u00e9dicos de la red p\u00fablica.<\/p>\n<p>El mismo estar\u00e1 integrado por el Ministerio de Salud, la Vicepresidencia de la Rep\u00fablica, la Secretar\u00eda General de la Administraci\u00f3n P\u00fablica y gabinete, la Secretar\u00eda General de Integridad P\u00fablica, el Ministerio de Econom\u00eda y Finanzas, el Instituto de Seguridad Social (IESS) y la Secretar\u00eda Nacional de Planificaci\u00f3n.<\/p>\n<p>Las autoridades se reunieron desde la ma\u00f1ana de este jueves en el Hospital Eugenio Espejo de Quito.<\/p>\n","protected":false},"excerpt":{"rendered":"<p>El presidente del Consejo Directivo del IESS, Edgar Lama, anunci\u00f3 este jueves 21 de agosto la compra masiva de\u00a0medicamentos\u00a0para asegurar el abastecimiento en casas de salud y que estas lleguen a los pacientes. \u00abEstamos listos para dar los primeros pasos para cambiar totalmente el modelo de gesti\u00f3n de salud enfermo, da\u00f1ado y perverso que se [&hellip;]<\/p>\n","protected":false},"author":1,"featured_media":14907,"comment_status":"open","ping_status":"open","sticky":false,"template":"","format":"standard","meta":{"footnotes":""},"categories":[12],"tags":[],"_links":{"self":[{"href":"https:\/\/infozamoraec.com\/index.php\/wp-json\/wp\/v2\/posts\/14906"}],"collection":[{"href":"https:\/\/infozamoraec.com\/index.php\/wp-json\/wp\/v2\/posts"}],"about":[{"href":"https:\/\/infozamoraec.com\/index.php\/wp-json\/wp\/v2\/types\/post"}],"author":[{"embeddable":true,"href":"https:\/\/infozamoraec.com\/index.php\/wp-json\/wp\/v2\/users\/1"}],"replies":[{"embeddable":true,"href":"https:\/\/infozamoraec.com\/index.php\/wp-json\/wp\/v2\/comments?post=14906"}],"version-history":[{"count":1,"href":"https:\/\/infozamoraec.com\/index.php\/wp-json\/wp\/v2\/posts\/14906\/revisions"}],"predecessor-version":[{"id":14908,"href":"https:\/\/infozamoraec.com\/index.php\/wp-json\/wp\/v2\/posts\/14906\/revisions\/14908"}],"wp:featuredmedia":[{"embeddable":true,"href":"https:\/\/infozamoraec.com\/index.php\/wp-json\/wp\/v2\/media\/14907"}],"wp:attachment":[{"href":"https:\/\/infozamoraec.com\/index.php\/wp-json\/wp\/v2\/media?parent=14906"}],"wp:term":[{"taxonomy":"category","embeddable":true,"href":"https:\/\/infozamoraec.com\/index.php\/wp-json\/wp\/v2\/categories?post=14906"},{"taxonomy":"post_tag","embeddable":true,"href":"https:\/\/infozamoraec.com\/index.php\/wp-json\/wp\/v2\/tags?post=14906"}],"curies":[{"name":"wp","href":"https:\/\/api.w.org\/{rel}","templated":true}]}}