{"id":14903,"date":"2025-08-22T01:26:40","date_gmt":"2025-08-22T01:26:40","guid":{"rendered":"https:\/\/infozamoraec.com\/?p=14903"},"modified":"2025-08-22T01:26:40","modified_gmt":"2025-08-22T01:26:40","slug":"milei-y-noboa-defienden-sus-politicas-de-ajuste-con-simbolos-poco-convencionales","status":"publish","type":"post","link":"https:\/\/infozamoraec.com\/index.php\/2025\/08\/22\/milei-y-noboa-defienden-sus-politicas-de-ajuste-con-simbolos-poco-convencionales\/","title":{"rendered":"Milei y Noboa defienden sus pol\u00edticas de ajuste con s\u00edmbolos \u00abpoco convencionales\u00bb"},"content":{"rendered":"<p>Durante su encuentro en la Casa Rosada, el presidente de Argentina, Javier Milei y el de Ecuador, Daniel Noboa escogieron un s\u00edmbolo que representen sus actuales pol\u00edticas de ajuste y reducci\u00f3n del Estado y as\u00ed mismo se evidenci\u00f3 como un \u00abs\u00edmbolo de poder\u00bb.<\/p>\n<p>As\u00ed, Milei mostr\u00f3 su tradicional motosierra con la leyenda \u00abLas Fuerzas del Cielo\u00bb, con la que denomin\u00f3 a su programa de ajuste, mientras Noboa escogi\u00f3 un machete como s\u00edmbolo de la regi\u00f3n Costa de Ecuador y mostrando una referencia a sus tambi\u00e9n pol\u00edticas de reducci\u00f3n de lo p\u00fablico y fusi\u00f3n de ministerios.<\/p>\n<p>Milei y Noboa coordinaron una cercan\u00eda mayor con las pol\u00edticas de Donald Trump, actual presidente de Estados Unidoss, por lo que, junto con Nayib Bukele, fueron los \u00fanicos mandatarios latinoamericanos invitados a la investidura presidencial en Washington el pasado 20 de enero.<\/p>\n<p>La negociaci\u00f3n con Argentina fue clave, ya que Noboa busca apoyo de Milei en la lucha contra el narcotr\u00e1fico, mientras que Milei apunta a mantener respaldo econ\u00f3mico en sus negociaciones con el FMI y pidi\u00f3 asesor\u00eda a Noboa en su modelo pol\u00edtico.<\/p>\n","protected":false},"excerpt":{"rendered":"<p>Durante su encuentro en la Casa Rosada, el presidente de Argentina, Javier Milei y el de Ecuador, Daniel Noboa escogieron un s\u00edmbolo que representen sus actuales pol\u00edticas de ajuste y reducci\u00f3n del Estado y as\u00ed mismo se evidenci\u00f3 como un \u00abs\u00edmbolo de poder\u00bb. As\u00ed, Milei mostr\u00f3 su tradicional motosierra con la leyenda \u00abLas Fuerzas del [&hellip;]<\/p>\n","protected":false},"author":1,"featured_media":14904,"comment_status":"open","ping_status":"open","sticky":false,"template":"","format":"standard","meta":{"footnotes":""},"categories":[12],"tags":[],"_links":{"self":[{"href":"https:\/\/infozamoraec.com\/index.php\/wp-json\/wp\/v2\/posts\/14903"}],"collection":[{"href":"https:\/\/infozamoraec.com\/index.php\/wp-json\/wp\/v2\/posts"}],"about":[{"href":"https:\/\/infozamoraec.com\/index.php\/wp-json\/wp\/v2\/types\/post"}],"author":[{"embeddable":true,"href":"https:\/\/infozamoraec.com\/index.php\/wp-json\/wp\/v2\/users\/1"}],"replies":[{"embeddable":true,"href":"https:\/\/infozamoraec.com\/index.php\/wp-json\/wp\/v2\/comments?post=14903"}],"version-history":[{"count":1,"href":"https:\/\/infozamoraec.com\/index.php\/wp-json\/wp\/v2\/posts\/14903\/revisions"}],"predecessor-version":[{"id":14905,"href":"https:\/\/infozamoraec.com\/index.php\/wp-json\/wp\/v2\/posts\/14903\/revisions\/14905"}],"wp:featuredmedia":[{"embeddable":true,"href":"https:\/\/infozamoraec.com\/index.php\/wp-json\/wp\/v2\/media\/14904"}],"wp:attachment":[{"href":"https:\/\/infozamoraec.com\/index.php\/wp-json\/wp\/v2\/media?parent=14903"}],"wp:term":[{"taxonomy":"category","embeddable":true,"href":"https:\/\/infozamoraec.com\/index.php\/wp-json\/wp\/v2\/categories?post=14903"},{"taxonomy":"post_tag","embeddable":true,"href":"https:\/\/infozamoraec.com\/index.php\/wp-json\/wp\/v2\/tags?post=14903"}],"curies":[{"name":"wp","href":"https:\/\/api.w.org\/{rel}","templated":true}]}}