{"id":14899,"date":"2025-08-22T01:23:32","date_gmt":"2025-08-22T01:23:32","guid":{"rendered":"https:\/\/infozamoraec.com\/?p=14899"},"modified":"2025-08-22T01:24:17","modified_gmt":"2025-08-22T01:24:17","slug":"ecuador-firma-un-entendimiento-en-seguridad-con-argentina","status":"publish","type":"post","link":"https:\/\/infozamoraec.com\/index.php\/2025\/08\/22\/ecuador-firma-un-entendimiento-en-seguridad-con-argentina\/","title":{"rendered":"Ecuador firma un entendimiento en seguridad con Argentina"},"content":{"rendered":"<p>El Ministro del Interior de Ecuador,\u00a0<strong>John Reimberg<\/strong>\u00a0y su hom\u00f3logo de Argentina,\u00a0<a title=\"Patricia Bullrich\" href=\"https:\/\/x.com\/PatoBullrich\" target=\"_blank\" rel=\"noopener\">Patricia Bullrich<\/a>\u00a0<strong>firmaron un acuerdo de\u00a0<a title=\"entendimiento en materia de seguridad\" href=\"https:\/\/www.larepublica.ec\/blog\/2025\/02\/27\/jose-de-la-gasca-anuncia-que-los-paises-que-apoyaran-a-ecuador-en-su-lucha-contra-el-crimen-son-italia-argentina-y-ee-uu\/\" target=\"_blank\" rel=\"noopener\">entendimiento en materia de seguridad<\/a>, asegurando un nuevo convenio entre ambas naciones.\u00a0<\/strong>Los dos pa\u00edses sudamericanos se comprometen a coordinaci\u00f3n en el desarrollo de actividades para el\u00a0<strong>combate al crimen organizado y sus estructuras econ\u00f3micas; as\u00ed como el fortalecimiento de la seguridad ciudadana y el orden p\u00fablico.<\/strong><\/p>\n<p>Noboa declar\u00f3 desde inicios de 2024 a Ecuador bajo conflicto armado interno contra las bandas del crimen organizado, dedicadas principalmente al narcotr\u00e1fico, las extorsiones y la miner\u00eda ilegal, entre otras actividades il\u00edcitas, a cuyas estructuras el Gobierno pas\u00f3 a denominar como organizaciones terroristas.<\/p>\n<p>Ello ha ido acompa\u00f1ado de una serie de sucesivos estados de excepci\u00f3n para permitir operaciones militares contra el crimen organizado en apoyo a la Polic\u00eda Nacional, especialmente para el control de las c\u00e1rceles, dominadas hasta entonces por las bandas criminales.<\/p>\n<p>Tambi\u00e9n el jefe de Estado ha propuesto reformar la Constituci\u00f3n para permitir nuevamente el establecimiento de bases militares extranjeras en Ecuador, prohibidas en la carta magna de 2008, promovida bajo el mandato presidencial de Rafael Correa (2007-2017), lo que oblig\u00f3 a Estados Unidos a salir en 2009 de Manta.<\/p>\n","protected":false},"excerpt":{"rendered":"<p>El Ministro del Interior de Ecuador,\u00a0John Reimberg\u00a0y su hom\u00f3logo de Argentina,\u00a0Patricia Bullrich\u00a0firmaron un acuerdo de\u00a0entendimiento en materia de seguridad, asegurando un nuevo convenio entre ambas naciones.\u00a0Los dos pa\u00edses sudamericanos se comprometen a coordinaci\u00f3n en el desarrollo de actividades para el\u00a0combate al crimen organizado y sus estructuras econ\u00f3micas; as\u00ed como el fortalecimiento de la seguridad ciudadana [&hellip;]<\/p>\n","protected":false},"author":1,"featured_media":14902,"comment_status":"open","ping_status":"open","sticky":false,"template":"","format":"standard","meta":{"footnotes":""},"categories":[12],"tags":[],"_links":{"self":[{"href":"https:\/\/infozamoraec.com\/index.php\/wp-json\/wp\/v2\/posts\/14899"}],"collection":[{"href":"https:\/\/infozamoraec.com\/index.php\/wp-json\/wp\/v2\/posts"}],"about":[{"href":"https:\/\/infozamoraec.com\/index.php\/wp-json\/wp\/v2\/types\/post"}],"author":[{"embeddable":true,"href":"https:\/\/infozamoraec.com\/index.php\/wp-json\/wp\/v2\/users\/1"}],"replies":[{"embeddable":true,"href":"https:\/\/infozamoraec.com\/index.php\/wp-json\/wp\/v2\/comments?post=14899"}],"version-history":[{"count":1,"href":"https:\/\/infozamoraec.com\/index.php\/wp-json\/wp\/v2\/posts\/14899\/revisions"}],"predecessor-version":[{"id":14900,"href":"https:\/\/infozamoraec.com\/index.php\/wp-json\/wp\/v2\/posts\/14899\/revisions\/14900"}],"wp:featuredmedia":[{"embeddable":true,"href":"https:\/\/infozamoraec.com\/index.php\/wp-json\/wp\/v2\/media\/14902"}],"wp:attachment":[{"href":"https:\/\/infozamoraec.com\/index.php\/wp-json\/wp\/v2\/media?parent=14899"}],"wp:term":[{"taxonomy":"category","embeddable":true,"href":"https:\/\/infozamoraec.com\/index.php\/wp-json\/wp\/v2\/categories?post=14899"},{"taxonomy":"post_tag","embeddable":true,"href":"https:\/\/infozamoraec.com\/index.php\/wp-json\/wp\/v2\/tags?post=14899"}],"curies":[{"name":"wp","href":"https:\/\/api.w.org\/{rel}","templated":true}]}}