{"id":14875,"date":"2025-08-21T01:59:25","date_gmt":"2025-08-21T01:59:25","guid":{"rendered":"https:\/\/infozamoraec.com\/?p=14875"},"modified":"2025-08-21T01:59:25","modified_gmt":"2025-08-21T01:59:25","slug":"el-decreto-108-que-crea-comite-de-salud-recibe-criticas-de-la-oposicion-en-la-asamblea-nacional","status":"publish","type":"post","link":"https:\/\/infozamoraec.com\/index.php\/2025\/08\/21\/el-decreto-108-que-crea-comite-de-salud-recibe-criticas-de-la-oposicion-en-la-asamblea-nacional\/","title":{"rendered":"El Decreto 108 que crea Comit\u00e9 de Salud recibe cr\u00edticas de la oposici\u00f3n en la Asamblea Nacional"},"content":{"rendered":"<p>Mientras los asamble\u00edstas de gobierno guardan silencio respecto a la conformaci\u00f3n del\u00a0<a href=\"https:\/\/www.eluniverso.com\/noticias\/politica\/gobierno-de-daniel-noboa-crea-un-comite-para-garantizar-acceso-eficiente-a-los-servicios-de-salud-nota\/\" target=\"_self\" rel=\"noopener noreferrer nofollow\"><strong>Comit\u00e9 Nacional de Salud P\u00fablica<\/strong><\/a>, para garantizar el acceso eficiente y digno a los servicios de la salud, el sector de oposici\u00f3n cuestiona la decisi\u00f3n y anuncia una fiscalizaci\u00f3n sobre las acciones de ese organismo creado mediante Decreto Ejecutivo No. 108.<\/p>\n<p>Los legisladores del gobierno no est\u00e1n autorizados para referirse a la creaci\u00f3n del Comit\u00e9 que est\u00e1 integrado por: el\u00a0<a href=\"https:\/\/www.eluniverso.com\/temas\/ministerio-salud-0\/\" target=\"_self\" rel=\"noopener noreferrer nofollow\"><strong>Ministerio de Salud P\u00fablica<\/strong><\/a>, la\u00a0<a href=\"https:\/\/www.eluniverso.com\/temas\/vicepresidencia-ecuador\/\" target=\"_self\" rel=\"noopener noreferrer nofollow\"><strong>Vicepresidencia de la Rep\u00fablica<\/strong><\/a>, la Secretar\u00eda General de la Administraci\u00f3n P\u00fablica y Planificaci\u00f3n, la Secretar\u00eda de Integridad P\u00fablica, el\u00a0<a href=\"https:\/\/www.eluniverso.com\/temas\/ministerio-finanzas-0\/\" target=\"_self\" rel=\"noopener noreferrer nofollow\"><strong>Ministerio de Econom\u00eda y Finanzas<\/strong><\/a>, el Instituto Ecuatoriano de Seguridad Social (IESS) y ocho invitados permanentes m\u00e1s.<\/p>\n<p>En adelante, seg\u00fan la disposici\u00f3n emitida a los legisladores, ser\u00e1 el Ejecutivo quien se refiera sobre las acciones, planes, cronograma y resultados del Comit\u00e9 creado para enfrentar las falencias en el sector salud.<\/p>\n<p>En tanto, que para los sectores legislativos de la bancada\u00a0<a href=\"https:\/\/www.eluniverso.com\/temas\/movimiento-revolucion-ciudadana\/\" target=\"_self\" rel=\"noopener noreferrer nofollow\"><strong>Revoluci\u00f3n Ciudadana<\/strong><\/a>\u00a0(RC) y los grupos de\u00a0<a href=\"https:\/\/www.eluniverso.com\/temas\/pachakutik\/\" target=\"_self\" rel=\"noopener noreferrer nofollow\"><strong>Pachakutik\u00a0<\/strong><\/a>(PK) y el\u00a0<a href=\"https:\/\/www.eluniverso.com\/temas\/partido-social-cristiano\/\" target=\"_self\" rel=\"noopener noreferrer nofollow\"><strong>Partido Social Cristiano\u00a0<\/strong><\/a>(PSC), se trata de la creaci\u00f3n de un organismo burocr\u00e1tico para salir al paso de las cr\u00edticas ciudadanas por falta de medicina, implementos en los hospitales y atenci\u00f3n m\u00e9dica oportuna.<\/p>\n<p><strong>Cristina J\u00e1come, integrante de la\u00a0<\/strong><a href=\"https:\/\/www.eluniverso.com\/noticias\/politica\/asamblea-nacional-dispone-verificacion-de-hospitales-publicos-en-todo-el-pais-nota\/\" target=\"_self\" rel=\"noopener noreferrer nofollow\"><strong>Comisi\u00f3n de Salud de la Asamblea Nacional<\/strong><\/a>\u00a0por la bancada Revoluci\u00f3n Ciudadana (RC), cuestion\u00f3 la conformaci\u00f3n de un comit\u00e9, pues ya existe el Consejo Nacional de Salud (Conasa), y lo que se ten\u00eda que hacer, seg\u00fan ella, es fortalecerlo porque tiene autonom\u00eda financiera y est\u00e1 integrado de forma multisectorial para solventar todo tipo de pol\u00edtica p\u00fablica.<\/p>\n<p>La legisladora de Guayas explic\u00f3 que el Comit\u00e9 \u00fanicamente abarca a secretar\u00edas y ministerios del Ejecutivo; en cambio, el Conasa involucra al sector privado y a los representantes de los Gobiernos Aut\u00f3nomos Descentralizados tanto provinciales como municipales, con el af\u00e1n de implementar pol\u00edticas p\u00fablicas a nivel nacional.<\/p>\n<p>J\u00e1come coment\u00f3 que el\u00a0<a href=\"https:\/\/www.eluniverso.com\/temas\/gobierno-nacional\/\" target=\"_self\" rel=\"noopener noreferrer nofollow\"><strong>Gobierno Nacional<\/strong><\/a>\u00a0deber\u00eda activar al Conasa, para que a trav\u00e9s de mesas t\u00e9cnicas puedan implementar pol\u00edticas p\u00fablicas y ver c\u00f3mo solucionan el problema de desabastecimiento de medicamentos.<\/p>\n<p>La gran pregunta es, a\u00f1adi\u00f3 la asamble\u00edsta de RC, c\u00f3mo va a trabajar al centralizar las compras p\u00fablicas si el comit\u00e9 no tiene talento humano propio y menos una red espec\u00edfica; entonces, tendr\u00e1 que se\u00f1alar al pa\u00eds c\u00f3mo va a trabajar.<\/p>\n<p>Quien va a dirigir ese comit\u00e9 ser\u00e1 la vicepresidenta de la Rep\u00fablica, Mar\u00eda Jos\u00e9 Pinto, a diferencia de Conasa, acaso se pretende quitar competencia del Ministerio de Salud P\u00fablica, advirti\u00f3.<\/p>\n<p>J\u00e1come record\u00f3 que la bancada lleva adelante una fiscalizaci\u00f3n de los hospitales a nivel nacional y eso ha llevado al Gobierno tomar cartas en el asunto y no hacerse de la vista gorda en la grave crisis que enfrenta el sistema de salud.<\/p>\n","protected":false},"excerpt":{"rendered":"<p>Mientras los asamble\u00edstas de gobierno guardan silencio respecto a la conformaci\u00f3n del\u00a0Comit\u00e9 Nacional de Salud P\u00fablica, para garantizar el acceso eficiente y digno a los servicios de la salud, el sector de oposici\u00f3n cuestiona la decisi\u00f3n y anuncia una fiscalizaci\u00f3n sobre las acciones de ese organismo creado mediante Decreto Ejecutivo No. 108. Los legisladores del [&hellip;]<\/p>\n","protected":false},"author":1,"featured_media":14876,"comment_status":"open","ping_status":"open","sticky":false,"template":"","format":"standard","meta":{"footnotes":""},"categories":[12],"tags":[],"_links":{"self":[{"href":"https:\/\/infozamoraec.com\/index.php\/wp-json\/wp\/v2\/posts\/14875"}],"collection":[{"href":"https:\/\/infozamoraec.com\/index.php\/wp-json\/wp\/v2\/posts"}],"about":[{"href":"https:\/\/infozamoraec.com\/index.php\/wp-json\/wp\/v2\/types\/post"}],"author":[{"embeddable":true,"href":"https:\/\/infozamoraec.com\/index.php\/wp-json\/wp\/v2\/users\/1"}],"replies":[{"embeddable":true,"href":"https:\/\/infozamoraec.com\/index.php\/wp-json\/wp\/v2\/comments?post=14875"}],"version-history":[{"count":1,"href":"https:\/\/infozamoraec.com\/index.php\/wp-json\/wp\/v2\/posts\/14875\/revisions"}],"predecessor-version":[{"id":14877,"href":"https:\/\/infozamoraec.com\/index.php\/wp-json\/wp\/v2\/posts\/14875\/revisions\/14877"}],"wp:featuredmedia":[{"embeddable":true,"href":"https:\/\/infozamoraec.com\/index.php\/wp-json\/wp\/v2\/media\/14876"}],"wp:attachment":[{"href":"https:\/\/infozamoraec.com\/index.php\/wp-json\/wp\/v2\/media?parent=14875"}],"wp:term":[{"taxonomy":"category","embeddable":true,"href":"https:\/\/infozamoraec.com\/index.php\/wp-json\/wp\/v2\/categories?post=14875"},{"taxonomy":"post_tag","embeddable":true,"href":"https:\/\/infozamoraec.com\/index.php\/wp-json\/wp\/v2\/tags?post=14875"}],"curies":[{"name":"wp","href":"https:\/\/api.w.org\/{rel}","templated":true}]}}