{"id":14864,"date":"2025-08-21T01:53:35","date_gmt":"2025-08-21T01:53:35","guid":{"rendered":"https:\/\/infozamoraec.com\/?p=14864"},"modified":"2025-08-21T01:53:35","modified_gmt":"2025-08-21T01:53:35","slug":"energia-pidio-desalojo-de-la-cc-para-sede-ministerial-pero-quedo-insubsistente","status":"publish","type":"post","link":"https:\/\/infozamoraec.com\/index.php\/2025\/08\/21\/energia-pidio-desalojo-de-la-cc-para-sede-ministerial-pero-quedo-insubsistente\/","title":{"rendered":"Energ\u00eda pidi\u00f3 desalojo de la CC para sede ministerial pero qued\u00f3 insubsistente"},"content":{"rendered":"<p>El\u00a0<strong><a title=\"Ministerio de Energ\u00eda\" href=\"https:\/\/x.com\/inesmanzano\" target=\"_blank\" rel=\"noopener\">Ministerio de Energ\u00eda<\/a><\/strong>\u00a0notific\u00f3, en un oficio fechado al 19 de agosto, a<strong>\u00a0Jhoel Escudero,<\/strong>\u00a0presidente de la\u00a0<strong><a title=\"Corte Constitucional (CC\" href=\"https:\/\/www.larepublica.ec\/blog\/2025\/08\/14\/reimberg-critica-a-la-cc-por-eliminacion-de-prision-preventiva-en-reincidencias\/\" target=\"_blank\" rel=\"noopener\">Corte Constitucional (CC<\/a>)\u00a0<\/strong>la terminaci\u00f3n del convenio Institucional\u00a0<strong>dado el 26 de abril de 2019<\/strong>, y le dispuso desalojar el edificio \u00ab<strong>TAMAGAR\u00bb,<\/strong>\u00a0ubicado en la\u00a0<strong>Calle Jos\u00e9 Tamayo y Lizardo Garc\u00eda<\/strong>\u00a0(en Quito) donde funcionan las oficina del organismo parra que alll\u00ed funcione el ministerio mencionado debido a las fusiones de las distintas carteras de Estado.<\/p>\n<p>Sin embargo, apenas un d\u00eda despu\u00e9s de la orden al presidente de la Corte para que se desaloje el edificio, la coordinadora general administrativa financiera del\u00a0<strong>Ministerio de Energ\u00eda, Nancy Uriarte<\/strong>\u00a0dej\u00f3 insubsistente el documento firmado el 19 de agosto.<\/p>\n<p>Se explica que tras<strong>\u00a0la fusi\u00f3n del Ministerio de Energ\u00eda con el de Ambiente, dispuesta por el primer mandatario, hay la necesidad de \u201ccentralizar las unidades t\u00e9cnicas, operativas y administrativas para una gesti\u00f3n eficiente\u201d.<\/strong><\/p>\n<p>Adem\u00e1s, que los espacios en los que se desempe\u00f1an los funcionarios del Ministerio de Ambiente y de Energ\u00eda est\u00e1n a \u201csu capacidad m\u00e1xima\u201d por lo que se buscan nuevos edificios.<\/p>\n","protected":false},"excerpt":{"rendered":"<p>El\u00a0Ministerio de Energ\u00eda\u00a0notific\u00f3, en un oficio fechado al 19 de agosto, a\u00a0Jhoel Escudero,\u00a0presidente de la\u00a0Corte Constitucional (CC)\u00a0la terminaci\u00f3n del convenio Institucional\u00a0dado el 26 de abril de 2019, y le dispuso desalojar el edificio \u00abTAMAGAR\u00bb,\u00a0ubicado en la\u00a0Calle Jos\u00e9 Tamayo y Lizardo Garc\u00eda\u00a0(en Quito) donde funcionan las oficina del organismo parra que alll\u00ed funcione el ministerio mencionado [&hellip;]<\/p>\n","protected":false},"author":1,"featured_media":14865,"comment_status":"open","ping_status":"open","sticky":false,"template":"","format":"standard","meta":{"footnotes":""},"categories":[12],"tags":[],"_links":{"self":[{"href":"https:\/\/infozamoraec.com\/index.php\/wp-json\/wp\/v2\/posts\/14864"}],"collection":[{"href":"https:\/\/infozamoraec.com\/index.php\/wp-json\/wp\/v2\/posts"}],"about":[{"href":"https:\/\/infozamoraec.com\/index.php\/wp-json\/wp\/v2\/types\/post"}],"author":[{"embeddable":true,"href":"https:\/\/infozamoraec.com\/index.php\/wp-json\/wp\/v2\/users\/1"}],"replies":[{"embeddable":true,"href":"https:\/\/infozamoraec.com\/index.php\/wp-json\/wp\/v2\/comments?post=14864"}],"version-history":[{"count":1,"href":"https:\/\/infozamoraec.com\/index.php\/wp-json\/wp\/v2\/posts\/14864\/revisions"}],"predecessor-version":[{"id":14866,"href":"https:\/\/infozamoraec.com\/index.php\/wp-json\/wp\/v2\/posts\/14864\/revisions\/14866"}],"wp:featuredmedia":[{"embeddable":true,"href":"https:\/\/infozamoraec.com\/index.php\/wp-json\/wp\/v2\/media\/14865"}],"wp:attachment":[{"href":"https:\/\/infozamoraec.com\/index.php\/wp-json\/wp\/v2\/media?parent=14864"}],"wp:term":[{"taxonomy":"category","embeddable":true,"href":"https:\/\/infozamoraec.com\/index.php\/wp-json\/wp\/v2\/categories?post=14864"},{"taxonomy":"post_tag","embeddable":true,"href":"https:\/\/infozamoraec.com\/index.php\/wp-json\/wp\/v2\/tags?post=14864"}],"curies":[{"name":"wp","href":"https:\/\/api.w.org\/{rel}","templated":true}]}}