{"id":14861,"date":"2025-08-21T01:51:23","date_gmt":"2025-08-21T01:51:23","guid":{"rendered":"https:\/\/infozamoraec.com\/?p=14861"},"modified":"2025-08-21T01:51:23","modified_gmt":"2025-08-21T01:51:23","slug":"noboa-cumple-agenda-en-argentina-con-empresarios","status":"publish","type":"post","link":"https:\/\/infozamoraec.com\/index.php\/2025\/08\/21\/noboa-cumple-agenda-en-argentina-con-empresarios\/","title":{"rendered":"Noboa cumple agenda en Argentina con empresarios"},"content":{"rendered":"<p>En el inicio de su agenda oficial en\u00a0<strong>Argentina<\/strong>, el presidente\u00a0<a title=\"Daniel Noboa \" href=\"https:\/\/www.larepublica.ec\/blog\/2025\/08\/20\/noboa-crea-comite-nacional-de-salud-publica-por-crisis-de-sanidad\/\" target=\"_blank\" rel=\"noopener\">Daniel\u00a0<strong>Noboa<\/strong>\u00a0<\/a>particip\u00f3 en un encuentro empresarial organizado por la C\u00e1mara de Comercio y Servicios de\u00a0<strong>Argentina<\/strong>, para presentar a potenciales inversionistas las oportunidades que ofrece Ecuador.<\/p>\n<p>Antes de su reuni\u00f3n se refiri\u00f3 berevemente para el medio CNN Radio de Argentina, donde fue consultado sobre su opini\u00f3n sobre el actual mandatario Javier Milei. A lo que Noboa respondi\u00f3: \u00abApoyo a todas las personas que quieran mejorar a su gente\u00bb, dijo.<\/p>\n<p>Seg\u00fan lo informado por Canciller\u00eda, este espacio permiti\u00f3 presentar a potenciales inversionistas las oportunidades que ofrece Ecuador y abrir nuevas puertas para profundizar el intercambio comercial, \u00abgenerando dinamismo econ\u00f3mico, empleo y m\u00e1s oportunidades\u00bb.<\/p>\n<p>Adem\u00e1s, el Gobierno de Noboa busca fortalecer la cooperaci\u00f3n bilateral en sectores estrat\u00e9gicos como seguridad, comercio, miner\u00eda, energ\u00eda renovable y biotecnolog\u00eda. (I)<\/p>\n","protected":false},"excerpt":{"rendered":"<p>En el inicio de su agenda oficial en\u00a0Argentina, el presidente\u00a0Daniel\u00a0Noboa\u00a0particip\u00f3 en un encuentro empresarial organizado por la C\u00e1mara de Comercio y Servicios de\u00a0Argentina, para presentar a potenciales inversionistas las oportunidades que ofrece Ecuador. Antes de su reuni\u00f3n se refiri\u00f3 berevemente para el medio CNN Radio de Argentina, donde fue consultado sobre su opini\u00f3n sobre el [&hellip;]<\/p>\n","protected":false},"author":1,"featured_media":14862,"comment_status":"open","ping_status":"open","sticky":false,"template":"","format":"standard","meta":{"footnotes":""},"categories":[12],"tags":[],"_links":{"self":[{"href":"https:\/\/infozamoraec.com\/index.php\/wp-json\/wp\/v2\/posts\/14861"}],"collection":[{"href":"https:\/\/infozamoraec.com\/index.php\/wp-json\/wp\/v2\/posts"}],"about":[{"href":"https:\/\/infozamoraec.com\/index.php\/wp-json\/wp\/v2\/types\/post"}],"author":[{"embeddable":true,"href":"https:\/\/infozamoraec.com\/index.php\/wp-json\/wp\/v2\/users\/1"}],"replies":[{"embeddable":true,"href":"https:\/\/infozamoraec.com\/index.php\/wp-json\/wp\/v2\/comments?post=14861"}],"version-history":[{"count":1,"href":"https:\/\/infozamoraec.com\/index.php\/wp-json\/wp\/v2\/posts\/14861\/revisions"}],"predecessor-version":[{"id":14863,"href":"https:\/\/infozamoraec.com\/index.php\/wp-json\/wp\/v2\/posts\/14861\/revisions\/14863"}],"wp:featuredmedia":[{"embeddable":true,"href":"https:\/\/infozamoraec.com\/index.php\/wp-json\/wp\/v2\/media\/14862"}],"wp:attachment":[{"href":"https:\/\/infozamoraec.com\/index.php\/wp-json\/wp\/v2\/media?parent=14861"}],"wp:term":[{"taxonomy":"category","embeddable":true,"href":"https:\/\/infozamoraec.com\/index.php\/wp-json\/wp\/v2\/categories?post=14861"},{"taxonomy":"post_tag","embeddable":true,"href":"https:\/\/infozamoraec.com\/index.php\/wp-json\/wp\/v2\/tags?post=14861"}],"curies":[{"name":"wp","href":"https:\/\/api.w.org\/{rel}","templated":true}]}}