{"id":14832,"date":"2025-08-20T01:39:12","date_gmt":"2025-08-20T01:39:12","guid":{"rendered":"https:\/\/infozamoraec.com\/?p=14832"},"modified":"2025-08-20T01:39:12","modified_gmt":"2025-08-20T01:39:12","slug":"gobierno-de-daniel-noboa-crea-un-comite-para-garantizar-acceso-eficiente-a-los-servicios-de-salud","status":"publish","type":"post","link":"https:\/\/infozamoraec.com\/index.php\/2025\/08\/20\/gobierno-de-daniel-noboa-crea-un-comite-para-garantizar-acceso-eficiente-a-los-servicios-de-salud\/","title":{"rendered":"Gobierno de Daniel Noboa crea un comit\u00e9 para garantizar acceso eficiente a los servicios de salud"},"content":{"rendered":"<p><strong>El Gobierno Nacional anunci\u00f3 este martes, 19 de agosto, la creaci\u00f3n del Comit\u00e9 Nacional de Salud P\u00fablica<\/strong>, un organismo de coordinaci\u00f3n de alto nivel que busca garantizar un acceso m\u00e1s eficiente, transparente y digno a los servicios de salud en Ecuador.<\/p>\n<p>Seg\u00fan el Ejecutivo, el Comit\u00e9 estar\u00e1 presidido por el\u00a0<strong>Ministerio de Salud P\u00fablica (MSP)\u00a0<\/strong>e integrado por la Vicepresidencia de la Rep\u00fablica, la Secretar\u00eda General de la Administraci\u00f3n P\u00fablica y Planificaci\u00f3n, la Secretar\u00eda de Integridad P\u00fablica, el Ministerio de Econom\u00eda y Finanzas y el Instituto Ecuatoriano de Seguridad Social (IESS).<\/p>\n<p>La creaci\u00f3n de este comit\u00e9 fue dispuesto por el presidente\u00a0<strong>Daniel Noboa\u00a0<\/strong>a trav\u00e9s del Decreto Ejecutivo No. 108.<\/p>\n<p>En el documento se detalla que asimismo, el comit\u00e9 contar\u00e1 con invitados permanentes con derecho a voz, entre ellos la\u00a0<strong>Agencia Nacional de Regulaci\u00f3n, Control y Vigilancia Sanitaria (Arcsa)<\/strong>, la\u00a0<strong>Agencia de Aseguramiento de la Calidad de los Servicios de Salud y Medicina Prepagada (ACESS)<\/strong>, la Secretar\u00eda Jur\u00eddica de la Presidencia y el Servicio Nacional de Contrataci\u00f3n P\u00fablica.<\/p>\n<p>\u201cPor primera vez el pa\u00eds tendr\u00e1 un \u00f3rgano permanente que planifique, supervise y tome decisiones conjuntas para que nuestro sistema de salud sea m\u00e1s transparente, eficiente y cercano a los ciudadanos\u201d, destac\u00f3 la vocera de Gobierno, Carolina Jaramillo.<\/p>\n<p>El Comit\u00e9 Nacional de Salud P\u00fablica tendr\u00e1 como ejes principales garantizar el abastecimiento de medicamentos e insumos,\u00a0<strong>mejorar la calidad de la atenci\u00f3n en hospitales y centros de salud, y establecer controles unificados en los inventarios<\/strong>. De esta forma, se busca evitar retrasos e intermediarios en la entrega de f\u00e1rmacos a los pacientes.<\/p>\n<p>El Gobierno tambi\u00e9n dispuso que el MSP se maneje a trav\u00e9s de direcciones provinciales, eliminando los modelos con zonales y distritales.\u00a0<strong>La medida busca acercar la gesti\u00f3n sanitaria a las necesidades locales<\/strong>.<\/p>\n<p>En cuanto a las compras p\u00fablicas, Jaramillo explic\u00f3 que se centralizar\u00e1n en la matriz del Ministerio. \u201cLa compra de medicamentos e insumos m\u00e9dicos se har\u00e1 directamente en la matriz del Ministerio de Salud P\u00fablica,\u00a0<strong>quit\u00e1ndole el negocio a la delincuencia que se reparti\u00f3 los hospitales del pa\u00eds durante el COVID<\/strong>\u201d, indic\u00f3.<\/p>\n<p>\u201cCon esto, cortamos de ra\u00edz los focos de corrupci\u00f3n en los hospitales que durante a\u00f1os desviaron recursos que deb\u00edan ir a salvar vidas&#8230;\u00a0<strong>La salud p\u00fablica nunca m\u00e1s ser\u00e1 el bot\u00edn de mafias ni el negocio de bur\u00f3cratas y corruptos<\/strong>\u201d, afirm\u00f3 Jaramillo, al indicar que se implementar\u00e1n nuevas estrategias log\u00edsticas para asegurar la trazabilidad en la distribuci\u00f3n de insumos m\u00e9dicos.<\/p>\n<p>\u201cCon el Comit\u00e9 Nacional de Salud P\u00fablica cerramos filas. Se acabaron los sobreprecios. Se acab\u00f3 el reparto. Se acab\u00f3 la impunidad en hospitales y farmacias.<strong>\u00a0Cada centavo destinado a la salud ir\u00e1 a lo que debe ir: a salvar vidas y a garantizar la dignidad de todos los ecuatorianos<\/strong>\u201d, concluy\u00f3 la vocera presidencial.<\/p>\n","protected":false},"excerpt":{"rendered":"<p>El Gobierno Nacional anunci\u00f3 este martes, 19 de agosto, la creaci\u00f3n del Comit\u00e9 Nacional de Salud P\u00fablica, un organismo de coordinaci\u00f3n de alto nivel que busca garantizar un acceso m\u00e1s eficiente, transparente y digno a los servicios de salud en Ecuador. Seg\u00fan el Ejecutivo, el Comit\u00e9 estar\u00e1 presidido por el\u00a0Ministerio de Salud P\u00fablica (MSP)\u00a0e integrado [&hellip;]<\/p>\n","protected":false},"author":1,"featured_media":14833,"comment_status":"open","ping_status":"open","sticky":false,"template":"","format":"standard","meta":{"footnotes":""},"categories":[12],"tags":[],"_links":{"self":[{"href":"https:\/\/infozamoraec.com\/index.php\/wp-json\/wp\/v2\/posts\/14832"}],"collection":[{"href":"https:\/\/infozamoraec.com\/index.php\/wp-json\/wp\/v2\/posts"}],"about":[{"href":"https:\/\/infozamoraec.com\/index.php\/wp-json\/wp\/v2\/types\/post"}],"author":[{"embeddable":true,"href":"https:\/\/infozamoraec.com\/index.php\/wp-json\/wp\/v2\/users\/1"}],"replies":[{"embeddable":true,"href":"https:\/\/infozamoraec.com\/index.php\/wp-json\/wp\/v2\/comments?post=14832"}],"version-history":[{"count":1,"href":"https:\/\/infozamoraec.com\/index.php\/wp-json\/wp\/v2\/posts\/14832\/revisions"}],"predecessor-version":[{"id":14834,"href":"https:\/\/infozamoraec.com\/index.php\/wp-json\/wp\/v2\/posts\/14832\/revisions\/14834"}],"wp:featuredmedia":[{"embeddable":true,"href":"https:\/\/infozamoraec.com\/index.php\/wp-json\/wp\/v2\/media\/14833"}],"wp:attachment":[{"href":"https:\/\/infozamoraec.com\/index.php\/wp-json\/wp\/v2\/media?parent=14832"}],"wp:term":[{"taxonomy":"category","embeddable":true,"href":"https:\/\/infozamoraec.com\/index.php\/wp-json\/wp\/v2\/categories?post=14832"},{"taxonomy":"post_tag","embeddable":true,"href":"https:\/\/infozamoraec.com\/index.php\/wp-json\/wp\/v2\/tags?post=14832"}],"curies":[{"name":"wp","href":"https:\/\/api.w.org\/{rel}","templated":true}]}}