{"id":14828,"date":"2025-08-20T01:36:43","date_gmt":"2025-08-20T01:36:43","guid":{"rendered":"https:\/\/infozamoraec.com\/?p=14828"},"modified":"2025-08-20T01:36:43","modified_gmt":"2025-08-20T01:36:43","slug":"indigenas-de-cotopaxi-denuncian-supuesto-intento-de-asesinato-contra-leonidas-iza","status":"publish","type":"post","link":"https:\/\/infozamoraec.com\/index.php\/2025\/08\/20\/indigenas-de-cotopaxi-denuncian-supuesto-intento-de-asesinato-contra-leonidas-iza\/","title":{"rendered":"Ind\u00edgenas de Cotopaxi denuncian supuesto intento de asesinato contra Leonidas Iza"},"content":{"rendered":"<p>El\u00a0<strong>Movimiento Ind\u00edgena y Campesino de Cotopaxi\u00a0<\/strong>(MICC) denunci\u00f3 un presunto intento de asesinato contra\u00a0<strong>Leonidas Iza<\/strong>, expresidente de la\u00a0<strong>Confederaci\u00f3n de Nacionalidades Ind\u00edgenas del Ecuador<\/strong>\u00a0(<strong>Conaie<\/strong>). Seg\u00fan el comunicado oficial con fecha de ayer 18 de agosto de 2025,<strong>\u00a0agentes de la Direcci\u00f3n General de Inteligencia habr\u00edan irrumpido en la comunidad de San Ignacio<\/strong>\u00a0\u00absembrando terror y atentando contra la vida del dirigente hist\u00f3rico\u00bb, seg\u00fan relata el comunicado publicado en las redes sociales oficiales del MICC.<\/p>\n<p>La organizaci\u00f3n ind\u00edgena, que agrupa a 33 colectivos y m\u00e1s de 500 comunidades, calific\u00f3 los hechos como parte de una pol\u00edtica sistem\u00e1tica de persecuci\u00f3n, hostigamiento y amenazas de muerte contra las estructuras ind\u00edgenas que se han enfrentado al\u00a0<strong>gobierno de Daniel Noboa<\/strong>. \u201cResponsabilizamos directamente a Daniel Noboa y a su Gobierno por cualquier atentado a la vida e integridad de Leonidas Iza y de nuestros dirigentes\u201d, se\u00f1ala el documento.<\/p>\n<p>El MICC considera que el incidente no es aislado, sino la continuidad de una estrategia de deslegitimaci\u00f3n contra el movimiento ind\u00edgena. \u201cVivimos no en democracia, sino en la dictadura de los ricos disfrazada, sostenida por la violencia estatal y el miedo\u201d, expres\u00f3 el consejo de gobierno en el comunicado, firmado por su presidente,\u00a0<strong>Jos\u00e9 Rafael Negrete<\/strong><\/p>\n","protected":false},"excerpt":{"rendered":"<p>El\u00a0Movimiento Ind\u00edgena y Campesino de Cotopaxi\u00a0(MICC) denunci\u00f3 un presunto intento de asesinato contra\u00a0Leonidas Iza, expresidente de la\u00a0Confederaci\u00f3n de Nacionalidades Ind\u00edgenas del Ecuador\u00a0(Conaie). Seg\u00fan el comunicado oficial con fecha de ayer 18 de agosto de 2025,\u00a0agentes de la Direcci\u00f3n General de Inteligencia habr\u00edan irrumpido en la comunidad de San Ignacio\u00a0\u00absembrando terror y atentando contra la vida [&hellip;]<\/p>\n","protected":false},"author":1,"featured_media":14829,"comment_status":"open","ping_status":"open","sticky":false,"template":"","format":"standard","meta":{"footnotes":""},"categories":[12],"tags":[],"_links":{"self":[{"href":"https:\/\/infozamoraec.com\/index.php\/wp-json\/wp\/v2\/posts\/14828"}],"collection":[{"href":"https:\/\/infozamoraec.com\/index.php\/wp-json\/wp\/v2\/posts"}],"about":[{"href":"https:\/\/infozamoraec.com\/index.php\/wp-json\/wp\/v2\/types\/post"}],"author":[{"embeddable":true,"href":"https:\/\/infozamoraec.com\/index.php\/wp-json\/wp\/v2\/users\/1"}],"replies":[{"embeddable":true,"href":"https:\/\/infozamoraec.com\/index.php\/wp-json\/wp\/v2\/comments?post=14828"}],"version-history":[{"count":2,"href":"https:\/\/infozamoraec.com\/index.php\/wp-json\/wp\/v2\/posts\/14828\/revisions"}],"predecessor-version":[{"id":14831,"href":"https:\/\/infozamoraec.com\/index.php\/wp-json\/wp\/v2\/posts\/14828\/revisions\/14831"}],"wp:featuredmedia":[{"embeddable":true,"href":"https:\/\/infozamoraec.com\/index.php\/wp-json\/wp\/v2\/media\/14829"}],"wp:attachment":[{"href":"https:\/\/infozamoraec.com\/index.php\/wp-json\/wp\/v2\/media?parent=14828"}],"wp:term":[{"taxonomy":"category","embeddable":true,"href":"https:\/\/infozamoraec.com\/index.php\/wp-json\/wp\/v2\/categories?post=14828"},{"taxonomy":"post_tag","embeddable":true,"href":"https:\/\/infozamoraec.com\/index.php\/wp-json\/wp\/v2\/tags?post=14828"}],"curies":[{"name":"wp","href":"https:\/\/api.w.org\/{rel}","templated":true}]}}