{"id":14822,"date":"2025-08-20T01:32:01","date_gmt":"2025-08-20T01:32:01","guid":{"rendered":"https:\/\/infozamoraec.com\/?p=14822"},"modified":"2025-08-20T01:40:42","modified_gmt":"2025-08-20T01:40:42","slug":"ley-que-empodera-a-mujeres-rurales-pasa-primer-debate","status":"publish","type":"post","link":"https:\/\/infozamoraec.com\/index.php\/2025\/08\/20\/ley-que-empodera-a-mujeres-rurales-pasa-primer-debate\/","title":{"rendered":"Ley que empodera a mujeres rurales pasa primer debate"},"content":{"rendered":"<p>El\u00a0<strong><a title=\"\" href=\"https:\/\/www.larepublica.ec\/blog\/2025\/08\/19\/asamblea-aprueba-en-primer-debate-ley-de-fundaciones\/\" target=\"_blank\" rel=\"noopener\">Pleno de la Asamblea Nacional<\/a><\/strong>, en Quito, aprob\u00f3 este martes, 19 de agosto, el proyecto de la\u00a0<strong><a title=\"\" href=\"https:\/\/www.larepublica.ec\/blog\/2025\/08\/19\/asamblea-aprueba-en-primer-debate-ley-de-fundaciones\/\" target=\"_blank\" rel=\"noopener\">Ley Org\u00e1nica para Garantizar los Derechos y Fomentar el Empoderamiento de las Mujeres Rurales<\/a><\/strong>, resaltando su rol fundamental en la producci\u00f3n agr\u00edcola, sostenibilidad ambiental, soberan\u00eda alimentaria y econom\u00eda solidaria.<\/p>\n<p>La iniciativa legislativa contempl\u00f3 una serie de beneficios como cr\u00e9ditos con tasas de inter\u00e9s preferenciales, educaci\u00f3n financiera, capacitaci\u00f3n t\u00e9cnica, acceso a conectividad e igualdad de remuneraci\u00f3n.<\/p>\n<p>Jaime Estrada, presidente corre\u00edsta de la Comisi\u00f3n De Garant\u00edas Constitucionales, Derechos Humanos, Derechos Colectivos y la Interculturalidad, fue quien lo anunci\u00f3, adem\u00e1s, este organismo encargado de la elaboraci\u00f3n del informe que fundament\u00f3 el debate legislativo.<\/p>\n<p>Estrada enfatiz\u00f3 que esta ley no es simplemente una recopilaci\u00f3n de normas, sino una herramienta para alcanzar justicia social para m\u00e1s de tres millones de mujeres rurales.<\/p>\n<p>Muchas de ellas enfrentan condiciones extremas: una de cada dos vive en pobreza extrema, seis de cada diez ha sido v\u00edctima de violencia de g\u00e9nero y una de cada cinco no ha podido acceder a la educaci\u00f3n debido a barreras sociales que, asegur\u00f3, deben ser eliminadas de manera colectiva.<\/p>\n<p>Derechos fundamentales<br \/>\nSe\u00f1al\u00f3 que la ley reconoce derechos fundamentales de las mujeres rurales, como el acceso a la tierra, al financiamiento, a la educaci\u00f3n, a una vida libre de violencia y a tomar decisiones sobre sus propias vidas, en consonancia con las demandas de sus lideresas. \u201cNo piden caridad, exigen herramientas para vivir con dignidad y autonom\u00eda\u201d.<\/p>\n<p>Durante la discusi\u00f3n, los parlamentarios coincidieron en que las mujeres rurales en Ecuador enfrentan profundas desigualdades estructurales, m\u00faltiples formas de discriminaci\u00f3n e interseccionalidad, expresadas en pobreza, falta de servicios b\u00e1sicos, empleos precarios, violencia de g\u00e9nero, exclusi\u00f3n de espacios de poder y el desconocimiento de su aporte a la econom\u00eda, la cultura y el medio ambiente.<\/p>\n","protected":false},"excerpt":{"rendered":"<p>El\u00a0Pleno de la Asamblea Nacional, en Quito, aprob\u00f3 este martes, 19 de agosto, el proyecto de la\u00a0Ley Org\u00e1nica para Garantizar los Derechos y Fomentar el Empoderamiento de las Mujeres Rurales, resaltando su rol fundamental en la producci\u00f3n agr\u00edcola, sostenibilidad ambiental, soberan\u00eda alimentaria y econom\u00eda solidaria. La iniciativa legislativa contempl\u00f3 una serie de beneficios como cr\u00e9ditos [&hellip;]<\/p>\n","protected":false},"author":1,"featured_media":14823,"comment_status":"open","ping_status":"open","sticky":false,"template":"","format":"standard","meta":{"footnotes":""},"categories":[12],"tags":[],"_links":{"self":[{"href":"https:\/\/infozamoraec.com\/index.php\/wp-json\/wp\/v2\/posts\/14822"}],"collection":[{"href":"https:\/\/infozamoraec.com\/index.php\/wp-json\/wp\/v2\/posts"}],"about":[{"href":"https:\/\/infozamoraec.com\/index.php\/wp-json\/wp\/v2\/types\/post"}],"author":[{"embeddable":true,"href":"https:\/\/infozamoraec.com\/index.php\/wp-json\/wp\/v2\/users\/1"}],"replies":[{"embeddable":true,"href":"https:\/\/infozamoraec.com\/index.php\/wp-json\/wp\/v2\/comments?post=14822"}],"version-history":[{"count":1,"href":"https:\/\/infozamoraec.com\/index.php\/wp-json\/wp\/v2\/posts\/14822\/revisions"}],"predecessor-version":[{"id":14824,"href":"https:\/\/infozamoraec.com\/index.php\/wp-json\/wp\/v2\/posts\/14822\/revisions\/14824"}],"wp:featuredmedia":[{"embeddable":true,"href":"https:\/\/infozamoraec.com\/index.php\/wp-json\/wp\/v2\/media\/14823"}],"wp:attachment":[{"href":"https:\/\/infozamoraec.com\/index.php\/wp-json\/wp\/v2\/media?parent=14822"}],"wp:term":[{"taxonomy":"category","embeddable":true,"href":"https:\/\/infozamoraec.com\/index.php\/wp-json\/wp\/v2\/categories?post=14822"},{"taxonomy":"post_tag","embeddable":true,"href":"https:\/\/infozamoraec.com\/index.php\/wp-json\/wp\/v2\/tags?post=14822"}],"curies":[{"name":"wp","href":"https:\/\/api.w.org\/{rel}","templated":true}]}}