{"id":14798,"date":"2025-08-19T03:13:49","date_gmt":"2025-08-19T03:13:49","guid":{"rendered":"https:\/\/infozamoraec.com\/?p=14798"},"modified":"2025-08-19T03:13:49","modified_gmt":"2025-08-19T03:13:49","slug":"rosalia-habla-por-primera-vez-de-su-relacion-con-la-actriz-hunter-schafer","status":"publish","type":"post","link":"https:\/\/infozamoraec.com\/index.php\/2025\/08\/19\/rosalia-habla-por-primera-vez-de-su-relacion-con-la-actriz-hunter-schafer\/","title":{"rendered":"Rosal\u00eda habla por primera vez de su relaci\u00f3n con la actriz Hunter Schafer"},"content":{"rendered":"<p>Por primera vez, Rosal\u00eda habl\u00f3 de la relaci\u00f3n que mantuvo con la actriz Hunter Schafer. La artista respondi\u00f3 si esto supuso una presi\u00f3n a la hora de definir su sexualidad.<\/p>\n<p>\u201cNo, no me presion\u00f3. Pienso en la libertad. Eso es lo que me gu\u00eda\u201d, respondi\u00f3 la espa\u00f1ola a la revista Elle.<\/p>\n<p>El a\u00f1o pasado Schafer, conocida por su papel en Euphoria, confirm\u00f3 los rumores que circulaban desde hace a\u00f1os sobre una relaci\u00f3n sentimental con Rosal\u00eda, que seg\u00fan ella dur\u00f3 cinco meses en el a\u00f1o 2019, antes de que estallara la pandemia.<\/p>\n<p>El idilio no acab\u00f3 mal, y de hecho ambas siguen siendo buenas amigas, hasta el punto de que Schafer sostiene que Rosal\u00eda \u201ces mi familia, pase lo que pase\u201d, dijo en ese momento en una larga entrevista a la revista GQ.<\/p>\n<p>\u201cTengo lindas amistades con personas con las que alguna vez tuve un v\u00ednculo rom\u00e1ntico\u201d, recalc\u00f3 la actriz, que cambi\u00f3 de g\u00e9nero en su adolescencia y se ha convertido en una especie de \u00edcono de la comunidad trans.<\/p>\n<p>La actriz reconoci\u00f3 que se ha especulado mucho sobre esa relaci\u00f3n, y durante mucho tiempo ambas han considerado que no era asunto de nadie, sino suyo. Sin embargo, dijo: \u201cAl final, es algo que me hace feliz compartir, y creo que ella siente lo mismo\u201d, asegur\u00f3.<\/p>\n<p>Los rumores sobre el idilio de Schafer y Rosal\u00eda se basaban, por ejemplo, en la canci\u00f3n \u2018Tuya\u2019 de la espa\u00f1ola, que se supon\u00eda alud\u00eda a la actriz, o en las palabras que Rosal\u00eda le dedic\u00f3 al recoger un premio Billboard Women en diciembre de 2019, en las que \u201cTe quiero mucho\u201d ten\u00edan un significado m\u00e1s profundo del que muchos quisieron ver.<\/p>\n","protected":false},"excerpt":{"rendered":"<p>Por primera vez, Rosal\u00eda habl\u00f3 de la relaci\u00f3n que mantuvo con la actriz Hunter Schafer. La artista respondi\u00f3 si esto supuso una presi\u00f3n a la hora de definir su sexualidad. \u201cNo, no me presion\u00f3. Pienso en la libertad. Eso es lo que me gu\u00eda\u201d, respondi\u00f3 la espa\u00f1ola a la revista Elle. El a\u00f1o pasado Schafer, [&hellip;]<\/p>\n","protected":false},"author":1,"featured_media":14799,"comment_status":"open","ping_status":"open","sticky":false,"template":"","format":"standard","meta":{"footnotes":""},"categories":[44],"tags":[],"_links":{"self":[{"href":"https:\/\/infozamoraec.com\/index.php\/wp-json\/wp\/v2\/posts\/14798"}],"collection":[{"href":"https:\/\/infozamoraec.com\/index.php\/wp-json\/wp\/v2\/posts"}],"about":[{"href":"https:\/\/infozamoraec.com\/index.php\/wp-json\/wp\/v2\/types\/post"}],"author":[{"embeddable":true,"href":"https:\/\/infozamoraec.com\/index.php\/wp-json\/wp\/v2\/users\/1"}],"replies":[{"embeddable":true,"href":"https:\/\/infozamoraec.com\/index.php\/wp-json\/wp\/v2\/comments?post=14798"}],"version-history":[{"count":1,"href":"https:\/\/infozamoraec.com\/index.php\/wp-json\/wp\/v2\/posts\/14798\/revisions"}],"predecessor-version":[{"id":14800,"href":"https:\/\/infozamoraec.com\/index.php\/wp-json\/wp\/v2\/posts\/14798\/revisions\/14800"}],"wp:featuredmedia":[{"embeddable":true,"href":"https:\/\/infozamoraec.com\/index.php\/wp-json\/wp\/v2\/media\/14799"}],"wp:attachment":[{"href":"https:\/\/infozamoraec.com\/index.php\/wp-json\/wp\/v2\/media?parent=14798"}],"wp:term":[{"taxonomy":"category","embeddable":true,"href":"https:\/\/infozamoraec.com\/index.php\/wp-json\/wp\/v2\/categories?post=14798"},{"taxonomy":"post_tag","embeddable":true,"href":"https:\/\/infozamoraec.com\/index.php\/wp-json\/wp\/v2\/tags?post=14798"}],"curies":[{"name":"wp","href":"https:\/\/api.w.org\/{rel}","templated":true}]}}