{"id":14795,"date":"2025-08-19T02:24:32","date_gmt":"2025-08-19T02:24:32","guid":{"rendered":"https:\/\/infozamoraec.com\/?p=14795"},"modified":"2025-08-19T02:24:32","modified_gmt":"2025-08-19T02:24:32","slug":"brasil-pide-a-ee-uu-reconsiderar-sanciones-comerciales","status":"publish","type":"post","link":"https:\/\/infozamoraec.com\/index.php\/2025\/08\/19\/brasil-pide-a-ee-uu-reconsiderar-sanciones-comerciales\/","title":{"rendered":"Brasil pide a EE.UU. \u00abreconsiderar\u00bb sanciones comerciales"},"content":{"rendered":"<p>El Gobierno de\u00a0<a class=\"internal-link\" href=\"https:\/\/www.dw.com\/es\/brasil\/t-17411698\" target=\"_blank\" rel=\"noopener\">Brasil<\/a>\u00a0solicit\u00f3 el lunes (18.08.2025) al Departamento del Representante Comercial de Estados Unidos (USTR) \u00abreconsiderar\u00bb la apertura de una investigaci\u00f3n sobre supuestas pr\u00e1cticas brasile\u00f1as que afectar\u00edan al comercio de ese pa\u00eds y se\u00f1al\u00f3 que los alegatos de EE.UU. \u00abson improcedentes\u00bb.<\/p>\n<p>En un informe coordinado por el ministerio de Relaciones Exteriores y enviado al despacho comercial estadounidense, Brasil inst\u00f3 a Washington a optar por el di\u00e1logo y a\u00a0<a class=\"internal-link\" href=\"https:\/\/www.dw.com\/es\/seguidores-de-bolsonaro-aplauden-las-sanciones-de-eeuu\/a-73516152\" target=\"_blank\" rel=\"noopener\">reconsiderar la acci\u00f3n iniciada bajo la Secci\u00f3n 301<\/a>\u00a0de la Ley de Comercio de 1974.<\/p>\n<p>Washintgon us\u00f3 la ley Magnitsky, un instrumento para sancionar a personas acusadas de violaciones a los derechos humanos en el mundo, para\u00a0<a class=\"internal-link\" href=\"https:\/\/www.dw.com\/es\/juez-moraes-dice-que-no-se-doblegar%C3%A1-ante-amenazas-de-eeuu\/a-73504569\" target=\"_blank\" rel=\"noopener\">castigar al juez del supremo Alexandre de Moraes<\/a>, que lleva el proceso contra el expresidente\u00a0<a class=\"internal-link\" href=\"https:\/\/www.dw.com\/es\/bolsonaro-jair\/t-45099463\" target=\"_blank\" rel=\"noopener\">Jair Bolsonaro<\/a>\u00a0y suspendi\u00f3 en 2024 a la red social X.<\/p>\n<p>\u00abEl documento prueba que las pol\u00edticas brasile\u00f1as investigadas son transparentes, no discriminatorias y cumplen plenamente con las mejores pr\u00e1cticas internacionales y las obligaciones del pa\u00eds\u00bb ante la Organizaci\u00f3n Mundial de Comercio (OMC), se\u00f1ala el comunicado de la Canciller\u00eda brasile\u00f1a.<\/p>\n<p>Brasil reiter\u00f3 que no reconoce la legitimidad de instrumentos unilaterales como la Secci\u00f3n 301, que, seg\u00fan el Gobierno, son incompatibles con las normas y el sistema de soluci\u00f3n de controversias de la OMC.<\/p>\n<p>Asimismo, aclar\u00f3 que su participaci\u00f3n en el proceso se da \u00aben esp\u00edritu de di\u00e1logo\u00bb y \u00abno constituye reconocimiento de la validez o jurisdicci\u00f3n del procedimiento\u00bb estadounidense.<\/p>\n<p>El documento brasile\u00f1o tambi\u00e9n desmiente que las pol\u00edticas del pa\u00eds suramericano causen perjuicio al comercio de EE.UU. al se\u00f1alar que los datos y estad\u00edsticas muestran un \u00absuper\u00e1vit comercial hist\u00f3rico\u00bb a favor de los estadounidenses en la relaci\u00f3n bilateral.<\/p>\n<p>La investigaci\u00f3n fue notificada el 15 de julio por la Casa Blanca, una semana despu\u00e9s de que el presidente estadounidense, Donald Trump, anunciara la imposici\u00f3n de un arancel adicional del 50 % sobre productos brasile\u00f1os, en represalia por lo que denomin\u00f3 una \u00abcacer\u00eda de brujas\u00bb contra el expresidente Jair Bolsonaro.<\/p>\n<p>El l\u00edder ultraderechista enfrenta un juicio por golpismo, cuya fase final comenzar\u00e1 el pr\u00f3ximo 2 de septiembre, en el que puede ser condenado a unos 40 a\u00f1os de prisi\u00f3n.<\/p>\n<p>gs (efe, afp)<\/p>\n","protected":false},"excerpt":{"rendered":"<p>El Gobierno de\u00a0Brasil\u00a0solicit\u00f3 el lunes (18.08.2025) al Departamento del Representante Comercial de Estados Unidos (USTR) \u00abreconsiderar\u00bb la apertura de una investigaci\u00f3n sobre supuestas pr\u00e1cticas brasile\u00f1as que afectar\u00edan al comercio de ese pa\u00eds y se\u00f1al\u00f3 que los alegatos de EE.UU. \u00abson improcedentes\u00bb. En un informe coordinado por el ministerio de Relaciones Exteriores y enviado al despacho [&hellip;]<\/p>\n","protected":false},"author":1,"featured_media":14796,"comment_status":"open","ping_status":"open","sticky":false,"template":"","format":"standard","meta":{"footnotes":""},"categories":[8],"tags":[],"_links":{"self":[{"href":"https:\/\/infozamoraec.com\/index.php\/wp-json\/wp\/v2\/posts\/14795"}],"collection":[{"href":"https:\/\/infozamoraec.com\/index.php\/wp-json\/wp\/v2\/posts"}],"about":[{"href":"https:\/\/infozamoraec.com\/index.php\/wp-json\/wp\/v2\/types\/post"}],"author":[{"embeddable":true,"href":"https:\/\/infozamoraec.com\/index.php\/wp-json\/wp\/v2\/users\/1"}],"replies":[{"embeddable":true,"href":"https:\/\/infozamoraec.com\/index.php\/wp-json\/wp\/v2\/comments?post=14795"}],"version-history":[{"count":1,"href":"https:\/\/infozamoraec.com\/index.php\/wp-json\/wp\/v2\/posts\/14795\/revisions"}],"predecessor-version":[{"id":14797,"href":"https:\/\/infozamoraec.com\/index.php\/wp-json\/wp\/v2\/posts\/14795\/revisions\/14797"}],"wp:featuredmedia":[{"embeddable":true,"href":"https:\/\/infozamoraec.com\/index.php\/wp-json\/wp\/v2\/media\/14796"}],"wp:attachment":[{"href":"https:\/\/infozamoraec.com\/index.php\/wp-json\/wp\/v2\/media?parent=14795"}],"wp:term":[{"taxonomy":"category","embeddable":true,"href":"https:\/\/infozamoraec.com\/index.php\/wp-json\/wp\/v2\/categories?post=14795"},{"taxonomy":"post_tag","embeddable":true,"href":"https:\/\/infozamoraec.com\/index.php\/wp-json\/wp\/v2\/tags?post=14795"}],"curies":[{"name":"wp","href":"https:\/\/api.w.org\/{rel}","templated":true}]}}