{"id":14786,"date":"2025-08-19T02:19:30","date_gmt":"2025-08-19T02:19:30","guid":{"rendered":"https:\/\/infozamoraec.com\/?p=14786"},"modified":"2025-08-19T02:19:30","modified_gmt":"2025-08-19T02:19:30","slug":"mas-militares-para-guayas-manabi-el-oro-y-esmeraldas-2-000-uniformados-llegan-a-reforzar-operaciones","status":"publish","type":"post","link":"https:\/\/infozamoraec.com\/index.php\/2025\/08\/19\/mas-militares-para-guayas-manabi-el-oro-y-esmeraldas-2-000-uniformados-llegan-a-reforzar-operaciones\/","title":{"rendered":"M\u00e1s militares para Guayas, Manab\u00ed, El Oro y Esmeraldas: 2.000 uniformados llegan a reforzar operaciones"},"content":{"rendered":"<p>La ma\u00f1ana de este lunes 18 de agosto llegaron 2.000 nuevos militares a la Base A\u00e9rea Sim\u00f3n Bol\u00edvar, en Guayaquil, para dar refuerzos en provincias priorizadas por el Gobierno de Daniel Noboa.<\/p>\n<p>Los uniformados llegaron por v\u00eda \u00e1rea y aterrizaron cerca de las 09:30 en la urbe.<\/p>\n<p>De estos 2.000 uniformados, aproximadamente 1.000 est\u00e1n destinados para apoyar a las unidades militares en Guayas.<\/p>\n<p>El personal restante ser\u00e1 trasladado hacia otras provincias como Manab\u00ed, El Oro y Esmeraldas.<\/p>\n<p>Algunas de las principales ciudades donde los militares dar\u00e1n servicio son Guayaquil, Manta y Santa Rosa.<\/p>\n<p>Adem\u00e1s, el Ministerio de Defensa ha ordenado que los uniformados tambi\u00e9n cumplan operaciones en zonas estrat\u00e9gicas como Carchi, Orellana, Sucumb\u00edos, Loja y Los R\u00edos.<\/p>\n<p>Los militares, seg\u00fan esta cartera de Estado, fortalecer\u00e1n operaciones realizadas contra las principales amenazas que enfrenta el pa\u00eds actualmente como el narcotr\u00e1fico, miner\u00eda ilegal, tr\u00e1fico de armas y municiones, y la lucha contra grupos delincuenciales.<\/p>\n<p>Se conoce por fuentes oficiales del Ministerio de Defensa que estos nuevos soldados, recientemente se graduaron de la Escuela de Formaci\u00f3n de Soldados (ESFORSE).<\/p>\n<p>Esta instituci\u00f3n esta situada en Ambato, Tungurahua, y all\u00e1 llegan j\u00f3venes de todo el pa\u00eds para formarse en valores de disciplina y t\u00e1cticas de combate.<\/p>\n","protected":false},"excerpt":{"rendered":"<p>La ma\u00f1ana de este lunes 18 de agosto llegaron 2.000 nuevos militares a la Base A\u00e9rea Sim\u00f3n Bol\u00edvar, en Guayaquil, para dar refuerzos en provincias priorizadas por el Gobierno de Daniel Noboa. Los uniformados llegaron por v\u00eda \u00e1rea y aterrizaron cerca de las 09:30 en la urbe. De estos 2.000 uniformados, aproximadamente 1.000 est\u00e1n destinados [&hellip;]<\/p>\n","protected":false},"author":1,"featured_media":14787,"comment_status":"open","ping_status":"open","sticky":false,"template":"","format":"standard","meta":{"footnotes":""},"categories":[12],"tags":[],"_links":{"self":[{"href":"https:\/\/infozamoraec.com\/index.php\/wp-json\/wp\/v2\/posts\/14786"}],"collection":[{"href":"https:\/\/infozamoraec.com\/index.php\/wp-json\/wp\/v2\/posts"}],"about":[{"href":"https:\/\/infozamoraec.com\/index.php\/wp-json\/wp\/v2\/types\/post"}],"author":[{"embeddable":true,"href":"https:\/\/infozamoraec.com\/index.php\/wp-json\/wp\/v2\/users\/1"}],"replies":[{"embeddable":true,"href":"https:\/\/infozamoraec.com\/index.php\/wp-json\/wp\/v2\/comments?post=14786"}],"version-history":[{"count":1,"href":"https:\/\/infozamoraec.com\/index.php\/wp-json\/wp\/v2\/posts\/14786\/revisions"}],"predecessor-version":[{"id":14788,"href":"https:\/\/infozamoraec.com\/index.php\/wp-json\/wp\/v2\/posts\/14786\/revisions\/14788"}],"wp:featuredmedia":[{"embeddable":true,"href":"https:\/\/infozamoraec.com\/index.php\/wp-json\/wp\/v2\/media\/14787"}],"wp:attachment":[{"href":"https:\/\/infozamoraec.com\/index.php\/wp-json\/wp\/v2\/media?parent=14786"}],"wp:term":[{"taxonomy":"category","embeddable":true,"href":"https:\/\/infozamoraec.com\/index.php\/wp-json\/wp\/v2\/categories?post=14786"},{"taxonomy":"post_tag","embeddable":true,"href":"https:\/\/infozamoraec.com\/index.php\/wp-json\/wp\/v2\/tags?post=14786"}],"curies":[{"name":"wp","href":"https:\/\/api.w.org\/{rel}","templated":true}]}}