{"id":14783,"date":"2025-08-19T02:18:04","date_gmt":"2025-08-19T02:18:04","guid":{"rendered":"https:\/\/infozamoraec.com\/?p=14783"},"modified":"2025-08-19T02:18:04","modified_gmt":"2025-08-19T02:18:04","slug":"revolucion-ciudadana-denuncia-bloqueo-de-informacion-desde-el-gobierno-para-fiscalizar-la-muerte-de-neonatos","status":"publish","type":"post","link":"https:\/\/infozamoraec.com\/index.php\/2025\/08\/19\/revolucion-ciudadana-denuncia-bloqueo-de-informacion-desde-el-gobierno-para-fiscalizar-la-muerte-de-neonatos\/","title":{"rendered":"Revoluci\u00f3n Ciudadana denuncia \u2018bloqueo\u2019 de informaci\u00f3n desde el Gobierno para fiscalizar la muerte de neonatos"},"content":{"rendered":"<p>\u201cNo podemos seguir permitiendo que el abandono institucional le cueste la vida a nuestros ni\u00f1os\u201d, con estas palabras la asamble\u00edsta de la Revoluci\u00f3n Ciudadana (RC) y presidenta de la Comisi\u00f3n de Protecci\u00f3n a Ni\u00f1os, Ni\u00f1as y Adolescentes, Viviana Veloz, reclam\u00f3 la falta de respuestas del Gobierno Nacional, al proceso de fiscalizaci\u00f3n sobre la muerte de reci\u00e9n nacidos en los hospitales p\u00fablicos del pa\u00eds.<\/p>\n<p>La investigaci\u00f3n inici\u00f3 por el deceso de doce neonatos en el hospital Universitario de Guayaquil. El pasado 9 de agosto, el Ministerio de Salud confirm\u00f3 los fallecimientos \u201cpor causas multifactoriales\u201d.<\/p>\n<p>\u201cDe acuerdo con los informes levantados, dos de estos fallecimientos pueden atribuirse a una infecci\u00f3n por Klebsiella pneumoniae productora de carbapenemasa\u201d, inform\u00f3 la cartera de Estado. Mientras que la Fiscal\u00eda General del Estado abri\u00f3 una investigaci\u00f3n de oficio por este hecho.<\/p>\n<p>Publicidad<\/p>\n<p>La presidenta de la mesa legislativa denunci\u00f3 que se ha solicitado informaci\u00f3n a la Fiscal\u00eda, al Ministerio de Salud, a la Agencia de Aseguramiento de la Calidad de los Servicios de Salud y Medicina Prepagada (ACCES), al Hospital Universitario, Hospital Monte Sina\u00ed, y a la Coordinaci\u00f3n Zonal 8 de Salud, pero ninguna entidad ha respondido.<\/p>\n<p>Viviana Veloz precis\u00f3 que este lunes, 18 de agosto de 2025, se cumplen los 10 d\u00edas de plazo para que las instituciones entreguen la informaci\u00f3n requerida.<\/p>\n<p>\u201cSi hasta hoy no contestan, enviaremos la notificaci\u00f3n al Consejo de Administraci\u00f3n Legislativa (CAL). Esperamos que entreguen la informaci\u00f3n y el CAL coadyuve para que lo hagan. Si bloquean, ser\u00e1 evidente que no quieren entregar la informaci\u00f3n y que el pa\u00eds conozca la verdad\u201d, dijo la legisladora a EL UNIVERSO.<\/p>\n<p>Publicidad<\/p>\n<p>Asimismo, la asamble\u00edsta del corre\u00edsmo anticip\u00f3 que recurrir\u00e1 a la v\u00eda jurisdiccional, con un pedido de acceso a la informaci\u00f3n p\u00fablica, para conocer sobre el abastecimiento de medicinas, insumos m\u00e9dicos y presupuesto a la salud.<\/p>\n<p>Aunque en su comparecencia del pasado 12 de agosto, el viceministro de Gobernanza del Ministerio de Salud, Bernardo Darquea, inform\u00f3 ante la comisi\u00f3n dirigida por Viviana Veloz que, entre enero y agosto de 2025, en el hospital Universitario de Guayaquil murieron 75 reci\u00e9n nacidos (beb\u00e9s de hasta 28 d\u00edas de vida) por diversas causas.<\/p>\n<p>Publicidad<\/p>\n<p>En todo el pa\u00eds, dijo la autoridad sanitaria, el Ministerio de Salud registra 624 muertes neonatales en el mismo periodo, de las cuales 48 se atribuyen a sepsis bacteriana.<\/p>\n<p>El 13 de agosto, en cambio, el ministro de Salud, Jimmy Martin, compareci\u00f3 ante la Comisi\u00f3n de Derecho a la Salud, presidida por el oficialista Juan Jos\u00e9 Reyes (ADN), que ese d\u00eda inici\u00f3 una fiscalizaci\u00f3n a las instituciones que integran la red p\u00fablica integral de salud.<\/p>\n<p>En su exposici\u00f3n, el secretario de Estado dijo que es falso que 18 reci\u00e9n nacidos hayan muerto por la reutilizaci\u00f3n de c\u00e1nulas, aunque reconoci\u00f3 que en la Unidad de Cuidados Intensivos del Hospital Universitario hubo un brote bacteriol\u00f3gico con una bacteria conocida como Klebsiella pneumoniae de carbapenemasa.<\/p>\n<p>Adem\u00e1s, inform\u00f3 que se activaron comisiones t\u00e9cnicas y auditor\u00edas para investigar los casos y reforzar el control de infecciones.<\/p>\n<p>Publicidad<\/p>\n<p>Esa misma jornada, un comunicado de la Asamblea Nacional anunci\u00f3 la realizaci\u00f3n de una verificaci\u00f3n exhaustiva en la red de hospitales p\u00fablicos del Ministerio de Salud, a escala nacional, como parte del proceso de fiscalizaci\u00f3n.<\/p>\n<p>De acuerdo con la misiva, los resultados deber\u00e1n ser remitidos al presidente Niels Olsen, en un plazo m\u00e1ximo de una semana.<\/p>\n<p>Este Diario conoci\u00f3 que 34 asamble\u00edstas de la bancada de Gobierno de Acci\u00f3n Democr\u00e1tica Nacional (ADN) fueron designados para visitar los hospitales de todas las provincias del pa\u00eds. Los oficialistas deber\u00e1n elaborar informes de sus recorridos.<\/p>\n<p>A su vez, desde el despacho del presidente de la Comisi\u00f3n de la Salud se inform\u00f3 que Reyes \u201cno puede atender ning\u00fan tipo de llamada ni consulta\u201d. Aunque se anticip\u00f3 que la mesa legislativa sesionar\u00e1 durante esta semana, sin precisar su agenda.<\/p>\n<p>Por otro lado, la ma\u00f1ana del 18 de agosto, el ministro de Salud con la ministra de Gobierno, Zaida Rovira, recorrieron los hospitales administrados en conjunto con gerentes navales desde la semana pasada, tras el fallecimiento de los neonatos.<\/p>\n<p>La cartera de salud inform\u00f3 que \u201cjunto a las nuevas autoridades, se establecer\u00e1 un plan de acci\u00f3n para que estas casas de salud, lideren procesos transparentes y tengan una adecuada gesti\u00f3n y atenci\u00f3n a pacientes\u201d.<\/p>\n","protected":false},"excerpt":{"rendered":"<p>\u201cNo podemos seguir permitiendo que el abandono institucional le cueste la vida a nuestros ni\u00f1os\u201d, con estas palabras la asamble\u00edsta de la Revoluci\u00f3n Ciudadana (RC) y presidenta de la Comisi\u00f3n de Protecci\u00f3n a Ni\u00f1os, Ni\u00f1as y Adolescentes, Viviana Veloz, reclam\u00f3 la falta de respuestas del Gobierno Nacional, al proceso de fiscalizaci\u00f3n sobre la muerte de [&hellip;]<\/p>\n","protected":false},"author":1,"featured_media":14784,"comment_status":"open","ping_status":"open","sticky":false,"template":"","format":"standard","meta":{"footnotes":""},"categories":[12],"tags":[],"_links":{"self":[{"href":"https:\/\/infozamoraec.com\/index.php\/wp-json\/wp\/v2\/posts\/14783"}],"collection":[{"href":"https:\/\/infozamoraec.com\/index.php\/wp-json\/wp\/v2\/posts"}],"about":[{"href":"https:\/\/infozamoraec.com\/index.php\/wp-json\/wp\/v2\/types\/post"}],"author":[{"embeddable":true,"href":"https:\/\/infozamoraec.com\/index.php\/wp-json\/wp\/v2\/users\/1"}],"replies":[{"embeddable":true,"href":"https:\/\/infozamoraec.com\/index.php\/wp-json\/wp\/v2\/comments?post=14783"}],"version-history":[{"count":1,"href":"https:\/\/infozamoraec.com\/index.php\/wp-json\/wp\/v2\/posts\/14783\/revisions"}],"predecessor-version":[{"id":14785,"href":"https:\/\/infozamoraec.com\/index.php\/wp-json\/wp\/v2\/posts\/14783\/revisions\/14785"}],"wp:featuredmedia":[{"embeddable":true,"href":"https:\/\/infozamoraec.com\/index.php\/wp-json\/wp\/v2\/media\/14784"}],"wp:attachment":[{"href":"https:\/\/infozamoraec.com\/index.php\/wp-json\/wp\/v2\/media?parent=14783"}],"wp:term":[{"taxonomy":"category","embeddable":true,"href":"https:\/\/infozamoraec.com\/index.php\/wp-json\/wp\/v2\/categories?post=14783"},{"taxonomy":"post_tag","embeddable":true,"href":"https:\/\/infozamoraec.com\/index.php\/wp-json\/wp\/v2\/tags?post=14783"}],"curies":[{"name":"wp","href":"https:\/\/api.w.org\/{rel}","templated":true}]}}