{"id":14780,"date":"2025-08-19T02:16:22","date_gmt":"2025-08-19T02:16:22","guid":{"rendered":"https:\/\/infozamoraec.com\/?p=14780"},"modified":"2025-08-19T02:16:22","modified_gmt":"2025-08-19T02:16:22","slug":"fiscalia-pide-convocar-a-jose-serrano-a-audiencia-de-formulacion-de-cargos-contra-los-autores-intelectuales-del-asesinato-a-fernando-villavicencio","status":"publish","type":"post","link":"https:\/\/infozamoraec.com\/index.php\/2025\/08\/19\/fiscalia-pide-convocar-a-jose-serrano-a-audiencia-de-formulacion-de-cargos-contra-los-autores-intelectuales-del-asesinato-a-fernando-villavicencio\/","title":{"rendered":"Fiscal\u00eda pide convocar a Jos\u00e9 Serrano a audiencia de formulaci\u00f3n de cargos contra los autores intelectuales del asesinato a Fernando Villavicencio"},"content":{"rendered":"<p>La\u00a0<strong>fiscal Ana Hidalgo<\/strong>, de la Unidad Investigativa Selecta Especializada contra el Lavado de Activos, ha pedido que se convoquen al exministro del Interior,\u00a0<strong><a title=\"Jos\u00e9 Serrano Salgado\" href=\"https:\/\/www.larepublica.ec\/blog\/2025\/08\/07\/jose-serrano-esta-retenido-por-el-ice-de-florida\/\" target=\"_blank\" rel=\"noopener\">Jos\u00e9 Serrano Salgado<\/a><\/strong>, al ciudadano\u00a0<strong>Xavier Jord\u00e1n<\/strong>, al exlegislador\u00a0<strong>Ronny Aleaga<\/strong>\u00a0y al condenado\u00a0<strong>Daniel Salcedo<\/strong>, a la audiencia de formulaci\u00f3n de cargos en contra de los autores intelectuales del asesinato del entonces candidato presidencial\u00a0<strong><a title=\"Fernando Villavicencio\" href=\"https:\/\/es.wikipedia.org\/wiki\/Fernando_Villavicencio\" target=\"_blank\" rel=\"noopener\">Fernando Villavicencio<\/a><\/strong>, 9 de agosto de 2023.<\/p>\n<p>El llamado ha tenido lugar horas despu\u00e9s que se suspendi\u00f3 en Miami la audiencia de tipo migratorio en contra de Serrano, debido a que la Fiscal\u00eda estadounidense esperaba informaci\u00f3n que pueda ser remitida desde Ecuador.<\/p>\n<p>Xavier Jord\u00e1n tiene tambi\u00e9n un llamado a juicio en el caso Met\u00e1stasis y un proceso de extradici\u00f3n en tr\u00e1mite con Estados Unidos; Ronny Aleaga, exasamble\u00edsta de la Revoluci\u00f3n Ciudadana (RC) radicado en Venezuela tambi\u00e9n est\u00e1 procesado en Met\u00e1stasis; y Daniel Salcedo, est\u00e1 condenado por actos de corrupci\u00f3n en los sistemas judicial y de salud.<\/p>\n<p>Hace tres meses de Serrano, Aleaga, Jord\u00e1n y Salcedo fueron notificados de que existir\u00edan elementos de convicci\u00f3n que determinar\u00edan su \u201cpresunta participaci\u00f3n\u201d en la autor\u00eda intelectual del asesinato de Villavicencio. En esa lista de notificados tambi\u00e9n aparec\u00eda el exvicepresidente Jorge Glas, quien finalmente no ha sido llamado.<\/p>\n<p>Caso Plaga<br \/>\nEl caso se sustenta en la versi\u00f3n de Lenin Vimos, sentenciado en caso denominado Plaga. En 2023, Vimos asegur\u00f3 ante la Fiscal\u00eda que Serrano y otros pol\u00edticos ten\u00edan nexos con el crimen.<\/p>\n<p>\u201cDentro de la investigaci\u00f3n previa han aparecido elementos de convicci\u00f3n que hacen presumir la participaci\u00f3n en calidad de autores y\/c\u00f3mplices del delito que se investiga\u201d, explica Hidalgo al juez de Pichincha que estar\u00e1 a cargo de la causa.<\/p>\n<p>Como parte de este caso, el 12 de julio de 2024, los jueces penales de Pichincha Milton Maroto, Galo Rumiguano y Pablo Coello condenaron como responsables materiales del asesinato de Villavicencio a Edwin Angulo, alias Invisible, como autor mediato; a Laura Castillo, alias Flaca, como coautora; y como c\u00f3mplices a los ecuatorianos Erick Ram\u00edrez y Alexandra Chimbo; y al colombiano V\u00edctor Alfonso Flores.<\/p>\n<p>Serrano permanece detenido en Florida, Estados Unidos, desde el pasado 7 de agosto, y permanece bajo la custodia del Servicio de Control de Inmigraci\u00f3n y Aduanas (ICE, por sus siglas en ingl\u00e9s) de ese pa\u00eds.<\/p>\n<p>Salcedo est\u00e1 detenido en una prisi\u00f3n del pa\u00eds, Jord\u00e1n vive en Miami y el paradero de Aleaga es desconocido.<\/p>\n<p>Los implicados<br \/>\nVillavicencio, que como pol\u00edtico fue uno de los mayores opositores a Correa y que por sus denuncias como asamble\u00edsta manten\u00eda enemistad manifiesta con personas como Aleaga y Jord\u00e1n, fue asesinado a tiros por sicarios a la salida de un mitin a once d\u00edas de las elecciones extraordinarias de 2023.<\/p>\n<p>Otros ocho implicados en el caso murieron antes del juicio, entre ellos los siete sicarios colombianos que participaron en el atentado. Uno de ellos, autor de los disparos que mataron a Villavicencio, muri\u00f3 durante el atentado y los dem\u00e1s fueron ahorcados en la c\u00e1rcel en circunstancias no esclarecidas hasta la fecha.<\/p>\n","protected":false},"excerpt":{"rendered":"<p>La\u00a0fiscal Ana Hidalgo, de la Unidad Investigativa Selecta Especializada contra el Lavado de Activos, ha pedido que se convoquen al exministro del Interior,\u00a0Jos\u00e9 Serrano Salgado, al ciudadano\u00a0Xavier Jord\u00e1n, al exlegislador\u00a0Ronny Aleaga\u00a0y al condenado\u00a0Daniel Salcedo, a la audiencia de formulaci\u00f3n de cargos en contra de los autores intelectuales del asesinato del entonces candidato presidencial\u00a0Fernando Villavicencio, 9 [&hellip;]<\/p>\n","protected":false},"author":1,"featured_media":14781,"comment_status":"open","ping_status":"open","sticky":false,"template":"","format":"standard","meta":{"footnotes":""},"categories":[12],"tags":[],"_links":{"self":[{"href":"https:\/\/infozamoraec.com\/index.php\/wp-json\/wp\/v2\/posts\/14780"}],"collection":[{"href":"https:\/\/infozamoraec.com\/index.php\/wp-json\/wp\/v2\/posts"}],"about":[{"href":"https:\/\/infozamoraec.com\/index.php\/wp-json\/wp\/v2\/types\/post"}],"author":[{"embeddable":true,"href":"https:\/\/infozamoraec.com\/index.php\/wp-json\/wp\/v2\/users\/1"}],"replies":[{"embeddable":true,"href":"https:\/\/infozamoraec.com\/index.php\/wp-json\/wp\/v2\/comments?post=14780"}],"version-history":[{"count":1,"href":"https:\/\/infozamoraec.com\/index.php\/wp-json\/wp\/v2\/posts\/14780\/revisions"}],"predecessor-version":[{"id":14782,"href":"https:\/\/infozamoraec.com\/index.php\/wp-json\/wp\/v2\/posts\/14780\/revisions\/14782"}],"wp:featuredmedia":[{"embeddable":true,"href":"https:\/\/infozamoraec.com\/index.php\/wp-json\/wp\/v2\/media\/14781"}],"wp:attachment":[{"href":"https:\/\/infozamoraec.com\/index.php\/wp-json\/wp\/v2\/media?parent=14780"}],"wp:term":[{"taxonomy":"category","embeddable":true,"href":"https:\/\/infozamoraec.com\/index.php\/wp-json\/wp\/v2\/categories?post=14780"},{"taxonomy":"post_tag","embeddable":true,"href":"https:\/\/infozamoraec.com\/index.php\/wp-json\/wp\/v2\/tags?post=14780"}],"curies":[{"name":"wp","href":"https:\/\/api.w.org\/{rel}","templated":true}]}}