{"id":14777,"date":"2025-08-19T02:13:57","date_gmt":"2025-08-19T02:13:57","guid":{"rendered":"https:\/\/infozamoraec.com\/?p=14777"},"modified":"2025-08-19T02:13:57","modified_gmt":"2025-08-19T02:13:57","slug":"ecuador-y-brasil-podrian-volver-a-tener-vuelos-directos-tras-reunion-de-mandatarios","status":"publish","type":"post","link":"https:\/\/infozamoraec.com\/index.php\/2025\/08\/19\/ecuador-y-brasil-podrian-volver-a-tener-vuelos-directos-tras-reunion-de-mandatarios\/","title":{"rendered":"Ecuador y Brasil podr\u00edan volver a tener vuelos directos tras reuni\u00f3n de mandatarios"},"content":{"rendered":"<p>Seg\u00fan\u00a0<a title=\"Canciller\u00eda\" href=\"https:\/\/x.com\/CancilleriaEc\" target=\"_blank\" rel=\"noopener\">Canciller\u00eda<\/a>,<strong>\u00a0tras esta reuni\u00f3n bilateral, el objetivo\u00a0<a title=\"es consolidar la relaci\u00f3n entre Brasil y Ecuador \" href=\"https:\/\/www.larepublica.ec\/blog\/2025\/08\/18\/lula-recibe-a-noboa-en-brasilia\/\" target=\"_blank\" rel=\"noopener\">es consolidar la relaci\u00f3n entre Brasil y Ecuador\u00a0<\/a>parra mayor comercio, turismo e intercambios culturales y estudiantiles.<\/strong><\/p>\n<p>De este modo, el Gobierno ecuatoriano reiter\u00f3 su compromiso de facilitar las condiciones operativas necesarias y de coordinar los requerimientos t\u00e9cnicos y comerciales que permitan hacer viable esta conexi\u00f3n a\u00e9rea.<\/p>\n<p>La canciller Gabriela Sommerfeld es parte de la comisi\u00f3n que acompa\u00f1a a Noboa en su nueva agenda internacional.<\/p>\n<p>El presidente Luiz In\u00e1cio Lula da Silva recibi\u00f3 este lunes a la delegaci\u00f3n ecuatoriana en el Palacio de Planalto, dando inicio a una serie de encuentros enfocados en reforzar los lazos pol\u00edticos, comerciales y de cooperaci\u00f3n entre Ecuador y Brasil.<\/p>\n","protected":false},"excerpt":{"rendered":"<p>Seg\u00fan\u00a0Canciller\u00eda,\u00a0tras esta reuni\u00f3n bilateral, el objetivo\u00a0es consolidar la relaci\u00f3n entre Brasil y Ecuador\u00a0parra mayor comercio, turismo e intercambios culturales y estudiantiles. De este modo, el Gobierno ecuatoriano reiter\u00f3 su compromiso de facilitar las condiciones operativas necesarias y de coordinar los requerimientos t\u00e9cnicos y comerciales que permitan hacer viable esta conexi\u00f3n a\u00e9rea. La canciller Gabriela Sommerfeld [&hellip;]<\/p>\n","protected":false},"author":1,"featured_media":14778,"comment_status":"open","ping_status":"open","sticky":false,"template":"","format":"standard","meta":{"footnotes":""},"categories":[12],"tags":[],"_links":{"self":[{"href":"https:\/\/infozamoraec.com\/index.php\/wp-json\/wp\/v2\/posts\/14777"}],"collection":[{"href":"https:\/\/infozamoraec.com\/index.php\/wp-json\/wp\/v2\/posts"}],"about":[{"href":"https:\/\/infozamoraec.com\/index.php\/wp-json\/wp\/v2\/types\/post"}],"author":[{"embeddable":true,"href":"https:\/\/infozamoraec.com\/index.php\/wp-json\/wp\/v2\/users\/1"}],"replies":[{"embeddable":true,"href":"https:\/\/infozamoraec.com\/index.php\/wp-json\/wp\/v2\/comments?post=14777"}],"version-history":[{"count":1,"href":"https:\/\/infozamoraec.com\/index.php\/wp-json\/wp\/v2\/posts\/14777\/revisions"}],"predecessor-version":[{"id":14779,"href":"https:\/\/infozamoraec.com\/index.php\/wp-json\/wp\/v2\/posts\/14777\/revisions\/14779"}],"wp:featuredmedia":[{"embeddable":true,"href":"https:\/\/infozamoraec.com\/index.php\/wp-json\/wp\/v2\/media\/14778"}],"wp:attachment":[{"href":"https:\/\/infozamoraec.com\/index.php\/wp-json\/wp\/v2\/media?parent=14777"}],"wp:term":[{"taxonomy":"category","embeddable":true,"href":"https:\/\/infozamoraec.com\/index.php\/wp-json\/wp\/v2\/categories?post=14777"},{"taxonomy":"post_tag","embeddable":true,"href":"https:\/\/infozamoraec.com\/index.php\/wp-json\/wp\/v2\/tags?post=14777"}],"curies":[{"name":"wp","href":"https:\/\/api.w.org\/{rel}","templated":true}]}}