{"id":14749,"date":"2025-08-16T20:26:25","date_gmt":"2025-08-16T20:26:25","guid":{"rendered":"https:\/\/infozamoraec.com\/?p=14749"},"modified":"2025-08-16T20:26:25","modified_gmt":"2025-08-16T20:26:25","slug":"fut-convoca-a-movilizacion-nacional-contra-el-gobierno-cuando-sera","status":"publish","type":"post","link":"https:\/\/infozamoraec.com\/index.php\/2025\/08\/16\/fut-convoca-a-movilizacion-nacional-contra-el-gobierno-cuando-sera\/","title":{"rendered":"FUT convoca a movilizaci\u00f3n nacional contra el Gobierno: \u00bfCu\u00e1ndo ser\u00e1?"},"content":{"rendered":"<p>El Frente Unitario de Trabajadores (FUT) decidi\u00f3 convocar a una movilizaci\u00f3n nacional para el pr\u00f3ximo 11 de septiembre de 2025. Organizaciones de trabajadores, maestros y actores pol\u00edticos se reunieron en Quito en una convenci\u00f3n para analizar las medidas adoptadas en torno a las leyes impulsadas por el Gobierno y aprobadas en la Asamblea Nacional.<\/p>\n<p>La ma\u00f1ana del 16 de agosto de 2025, el FUT se reuni\u00f3 en la capital. Edwin Bedoya, dirigente de la organizaci\u00f3n gremial, se\u00f1al\u00f3 que entre los pedidos acordados tras el encuentro est\u00e1 el declarar en emergencia a los sectores de salud y educaci\u00f3n.<\/p>\n<p>El objetivo de dicho pedido es que exista una mayor inversi\u00f3n por parte del Gobierno en ambos \u00e1mbitos. Junto con esta demanda, Bedoya anunci\u00f3 una jornada de movilizaci\u00f3n \u201cpor la vida y en contra de un gobierno incompetente como lo es el de Daniel Noboa\u201d.<\/p>\n<p>Adem\u00e1s de la movilizaci\u00f3n nacional, continuar\u00e1n los plantones frente a la Corte Constitucional. El primero se realizar\u00e1 el 25 de agosto, en el marco de la audiencia sobre la demanda de inconstitucionalidad de la Ley de Solidaridad Nacional.<\/p>\n<p>El segundo plant\u00f3n tendr\u00e1 lugar el 27 de agosto de 2025, fecha en la que la Corte Constitucional convoc\u00f3 a la audiencia p\u00fablica por la acci\u00f3n de inconstitucionalidad contra la Ley de Integridad P\u00fablica.<\/p>\n<p>Esta \u00faltima fue demandada por la Uni\u00f3n Nacional de Educadores (UNE). Ese gremio critica la modalidad de evaluaci\u00f3n de los servidores p\u00fablicos, ya que la considera una amenaza a la estabilidad laboral de los trabajadores.<\/p>\n","protected":false},"excerpt":{"rendered":"<p>El Frente Unitario de Trabajadores (FUT) decidi\u00f3 convocar a una movilizaci\u00f3n nacional para el pr\u00f3ximo 11 de septiembre de 2025. Organizaciones de trabajadores, maestros y actores pol\u00edticos se reunieron en Quito en una convenci\u00f3n para analizar las medidas adoptadas en torno a las leyes impulsadas por el Gobierno y aprobadas en la Asamblea Nacional. La [&hellip;]<\/p>\n","protected":false},"author":1,"featured_media":14750,"comment_status":"open","ping_status":"open","sticky":false,"template":"","format":"standard","meta":{"footnotes":""},"categories":[12],"tags":[],"_links":{"self":[{"href":"https:\/\/infozamoraec.com\/index.php\/wp-json\/wp\/v2\/posts\/14749"}],"collection":[{"href":"https:\/\/infozamoraec.com\/index.php\/wp-json\/wp\/v2\/posts"}],"about":[{"href":"https:\/\/infozamoraec.com\/index.php\/wp-json\/wp\/v2\/types\/post"}],"author":[{"embeddable":true,"href":"https:\/\/infozamoraec.com\/index.php\/wp-json\/wp\/v2\/users\/1"}],"replies":[{"embeddable":true,"href":"https:\/\/infozamoraec.com\/index.php\/wp-json\/wp\/v2\/comments?post=14749"}],"version-history":[{"count":1,"href":"https:\/\/infozamoraec.com\/index.php\/wp-json\/wp\/v2\/posts\/14749\/revisions"}],"predecessor-version":[{"id":14751,"href":"https:\/\/infozamoraec.com\/index.php\/wp-json\/wp\/v2\/posts\/14749\/revisions\/14751"}],"wp:featuredmedia":[{"embeddable":true,"href":"https:\/\/infozamoraec.com\/index.php\/wp-json\/wp\/v2\/media\/14750"}],"wp:attachment":[{"href":"https:\/\/infozamoraec.com\/index.php\/wp-json\/wp\/v2\/media?parent=14749"}],"wp:term":[{"taxonomy":"category","embeddable":true,"href":"https:\/\/infozamoraec.com\/index.php\/wp-json\/wp\/v2\/categories?post=14749"},{"taxonomy":"post_tag","embeddable":true,"href":"https:\/\/infozamoraec.com\/index.php\/wp-json\/wp\/v2\/tags?post=14749"}],"curies":[{"name":"wp","href":"https:\/\/api.w.org\/{rel}","templated":true}]}}