{"id":14736,"date":"2025-08-16T02:43:04","date_gmt":"2025-08-16T02:43:04","guid":{"rendered":"https:\/\/infozamoraec.com\/?p=14736"},"modified":"2025-08-16T02:43:04","modified_gmt":"2025-08-16T02:43:04","slug":"miembro-de-la-fae-fue-encontrado-muerto-dentro-de-una-base-militar-en-jaramijo-manabi","status":"publish","type":"post","link":"https:\/\/infozamoraec.com\/index.php\/2025\/08\/16\/miembro-de-la-fae-fue-encontrado-muerto-dentro-de-una-base-militar-en-jaramijo-manabi\/","title":{"rendered":"Miembro de la FAE fue encontrado muerto dentro de una base militar en Jaramij\u00f3, Manab\u00ed"},"content":{"rendered":"<p>El teniente de la Fuerza A\u00e9rea Ecuatoriana Diego Alexis Jarr\u00edn fue encontrado sin vida dentro del destacamento militar de Jaramij\u00f3, en Manab\u00ed, la ma\u00f1ana del 10 de agosto de 2025. El uniformado habr\u00eda estado involucrado en un accidente de tr\u00e1nsito horas antes, que ocasion\u00f3 la muerte de la teniente Vanesa Coronel.<\/p>\n<p>El cuerpo de Jarr\u00edn fue encontrado dentro de una habitaci\u00f3n del mencionado destacamento militar; en el sitio tambi\u00e9n se hall\u00f3 su arma de dotaci\u00f3n y cartuchos.<\/p>\n<p>En primera instancia se presume que el oficial se habr\u00eda suicidado, pero las investigaciones siguen su curso para abordar otras hip\u00f3tesis. La autopsia confirm\u00f3 que Jarr\u00edn, de 27 a\u00f1os, muri\u00f3 por un disparo en la cabeza.<\/p>\n<p>Horas antes, un accidente de tr\u00e1nsito acab\u00f3 con la vida de Vanesa Coronel, tambi\u00e9n oficial de la FAE, cuando circulaba por v\u00eda El Aromo-Redondel del Colorado, en Manta, cerca de los terrenos donde se levantar\u00eda la Refiner\u00eda del Pac\u00edfico.<\/p>\n<p>Jarr\u00edn habr\u00eda estado junto a Coronel al momento del siniestro. La FAE emiti\u00f3 un comunicado de condolencias por las muertes de sus oficiales, pero no confirm\u00f3 si ambos hechos estar\u00edan conectados.<\/p>\n","protected":false},"excerpt":{"rendered":"<p>El teniente de la Fuerza A\u00e9rea Ecuatoriana Diego Alexis Jarr\u00edn fue encontrado sin vida dentro del destacamento militar de Jaramij\u00f3, en Manab\u00ed, la ma\u00f1ana del 10 de agosto de 2025. El uniformado habr\u00eda estado involucrado en un accidente de tr\u00e1nsito horas antes, que ocasion\u00f3 la muerte de la teniente Vanesa Coronel. El cuerpo de Jarr\u00edn [&hellip;]<\/p>\n","protected":false},"author":1,"featured_media":14737,"comment_status":"open","ping_status":"open","sticky":false,"template":"","format":"standard","meta":{"footnotes":""},"categories":[12],"tags":[],"_links":{"self":[{"href":"https:\/\/infozamoraec.com\/index.php\/wp-json\/wp\/v2\/posts\/14736"}],"collection":[{"href":"https:\/\/infozamoraec.com\/index.php\/wp-json\/wp\/v2\/posts"}],"about":[{"href":"https:\/\/infozamoraec.com\/index.php\/wp-json\/wp\/v2\/types\/post"}],"author":[{"embeddable":true,"href":"https:\/\/infozamoraec.com\/index.php\/wp-json\/wp\/v2\/users\/1"}],"replies":[{"embeddable":true,"href":"https:\/\/infozamoraec.com\/index.php\/wp-json\/wp\/v2\/comments?post=14736"}],"version-history":[{"count":1,"href":"https:\/\/infozamoraec.com\/index.php\/wp-json\/wp\/v2\/posts\/14736\/revisions"}],"predecessor-version":[{"id":14738,"href":"https:\/\/infozamoraec.com\/index.php\/wp-json\/wp\/v2\/posts\/14736\/revisions\/14738"}],"wp:featuredmedia":[{"embeddable":true,"href":"https:\/\/infozamoraec.com\/index.php\/wp-json\/wp\/v2\/media\/14737"}],"wp:attachment":[{"href":"https:\/\/infozamoraec.com\/index.php\/wp-json\/wp\/v2\/media?parent=14736"}],"wp:term":[{"taxonomy":"category","embeddable":true,"href":"https:\/\/infozamoraec.com\/index.php\/wp-json\/wp\/v2\/categories?post=14736"},{"taxonomy":"post_tag","embeddable":true,"href":"https:\/\/infozamoraec.com\/index.php\/wp-json\/wp\/v2\/tags?post=14736"}],"curies":[{"name":"wp","href":"https:\/\/api.w.org\/{rel}","templated":true}]}}