{"id":14730,"date":"2025-08-16T02:37:55","date_gmt":"2025-08-16T02:37:55","guid":{"rendered":"https:\/\/infozamoraec.com\/?p=14730"},"modified":"2025-08-16T02:37:55","modified_gmt":"2025-08-16T02:37:55","slug":"congresista-de-ee-uu-felicita-a-ecuador-por-postura-frente-al-cartel-de-los-soles","status":"publish","type":"post","link":"https:\/\/infozamoraec.com\/index.php\/2025\/08\/16\/congresista-de-ee-uu-felicita-a-ecuador-por-postura-frente-al-cartel-de-los-soles\/","title":{"rendered":"Congresista de EE.UU. felicita a Ecuador por postura frente al Cartel de los Soles"},"content":{"rendered":"<p>El congresista republicano de Estados Unidos, Mario Diaz-Balart, expres\u00f3 a trav\u00e9s de su perfil de la red social X sus felicitaciones al gobierno ecuatoriano por su decisi\u00f3n de declarar como grupo terrorista al cartel de los Soles de Venezuela.<\/p>\n<p>\u201cFelicito al gobierno de Ecuador por su decidido apoyo en la lucha contra los c\u00e1rteles de la droga que financian el terrorismo en nuestra regi\u00f3n y han socavado gravemente la supervivencia de la democracia y la seguridad del pueblo ecuatoriano\u201d, escribi\u00f3 en redes sociales este viernes, 15 de agosto.<\/p>\n<p>\u201cLa designaci\u00f3n por parte del gobierno del presidente Daniel Noboa contra estos narcoterroristas liderados por Nicol\u00e1s Maduro respalda eficazmente las medidas de la Administraci\u00f3n Trump y de nuestros socios regionales\u201d, agreg\u00f3 Diaz-Balart.<\/p>\n<p>Mientras que el gobierno del presidente Donald Trump asegur\u00f3 adem\u00e1s que este grupo apoya al cartel de Sinaloa y a la banda transnacional Tren de Aragua, dos organizaciones a las que tambi\u00e9n recientemente se les se\u00f1al\u00f3 como \u2018terroristas\u2019 por EE. UU.<\/p>\n<p>El presidente de Ecuador, Daniel Noboa, por medio de un Decreto Ejecutivo, declar\u00f3 como grupo terrorista al cartel de los Soles de Venezuela, una decisi\u00f3n similar a la adoptada por Estados Unidos ya que lo se\u00f1alan a Nicol\u00e1s Maduro como l\u00edder de esta peligrosa banda criminal.<\/p>\n<p>El Gobierno de este modo declara al C\u00e1rtel de los Soles como \u00abuna amenaza interna\u00bb y el Centro Nacional de Inteligencia deber\u00e1 analizar la incidencia de este grupo terrorista en los grupos armados organizados identificados a la fecha y categorizarlo seg\u00fan corresponda, inform\u00f3 la Presidencia en un comunicado.<\/p>\n<p>Esta resoluci\u00f3n se da poco despu\u00e9s de que el Secretario de Estado de los Estados Unidos, Marco Rubio, indicara que los grupos de delincuencia organizada de Ecuador tienen conexiones con el r\u00e9gimen venezolano.<\/p>\n<p>Y luego de que la fiscal general de Estados Unidos, Pam Bondi, vinculara al presidente de Venezuela, Nicol\u00e1s Maduro, con el narcotr\u00e1fico y anunci\u00f3 una recompensa de cincuenta millones de d\u00f3lares a cambio de informaci\u00f3n que conduzca al arresto del l\u00edder chavista. (I)<\/p>\n","protected":false},"excerpt":{"rendered":"<p>El congresista republicano de Estados Unidos, Mario Diaz-Balart, expres\u00f3 a trav\u00e9s de su perfil de la red social X sus felicitaciones al gobierno ecuatoriano por su decisi\u00f3n de declarar como grupo terrorista al cartel de los Soles de Venezuela. \u201cFelicito al gobierno de Ecuador por su decidido apoyo en la lucha contra los c\u00e1rteles de [&hellip;]<\/p>\n","protected":false},"author":1,"featured_media":14731,"comment_status":"open","ping_status":"open","sticky":false,"template":"","format":"standard","meta":{"footnotes":""},"categories":[12],"tags":[],"_links":{"self":[{"href":"https:\/\/infozamoraec.com\/index.php\/wp-json\/wp\/v2\/posts\/14730"}],"collection":[{"href":"https:\/\/infozamoraec.com\/index.php\/wp-json\/wp\/v2\/posts"}],"about":[{"href":"https:\/\/infozamoraec.com\/index.php\/wp-json\/wp\/v2\/types\/post"}],"author":[{"embeddable":true,"href":"https:\/\/infozamoraec.com\/index.php\/wp-json\/wp\/v2\/users\/1"}],"replies":[{"embeddable":true,"href":"https:\/\/infozamoraec.com\/index.php\/wp-json\/wp\/v2\/comments?post=14730"}],"version-history":[{"count":1,"href":"https:\/\/infozamoraec.com\/index.php\/wp-json\/wp\/v2\/posts\/14730\/revisions"}],"predecessor-version":[{"id":14732,"href":"https:\/\/infozamoraec.com\/index.php\/wp-json\/wp\/v2\/posts\/14730\/revisions\/14732"}],"wp:featuredmedia":[{"embeddable":true,"href":"https:\/\/infozamoraec.com\/index.php\/wp-json\/wp\/v2\/media\/14731"}],"wp:attachment":[{"href":"https:\/\/infozamoraec.com\/index.php\/wp-json\/wp\/v2\/media?parent=14730"}],"wp:term":[{"taxonomy":"category","embeddable":true,"href":"https:\/\/infozamoraec.com\/index.php\/wp-json\/wp\/v2\/categories?post=14730"},{"taxonomy":"post_tag","embeddable":true,"href":"https:\/\/infozamoraec.com\/index.php\/wp-json\/wp\/v2\/tags?post=14730"}],"curies":[{"name":"wp","href":"https:\/\/api.w.org\/{rel}","templated":true}]}}