{"id":14727,"date":"2025-08-16T02:34:54","date_gmt":"2025-08-16T02:34:54","guid":{"rendered":"https:\/\/infozamoraec.com\/?p=14727"},"modified":"2025-08-16T02:34:54","modified_gmt":"2025-08-16T02:34:54","slug":"cc-difiere-audiencia-por-ley-de-integridad-y-rechaza-pedido-del-gobierno","status":"publish","type":"post","link":"https:\/\/infozamoraec.com\/index.php\/2025\/08\/16\/cc-difiere-audiencia-por-ley-de-integridad-y-rechaza-pedido-del-gobierno\/","title":{"rendered":"CC difiere audiencia por Ley de Integridad y rechaza pedido del Gobierno"},"content":{"rendered":"<p>La Corte Constitucional resolvi\u00f3 aplazar por una semana la audiencia que estaba prevista para el pr\u00f3ximo lunes, 18 de agosto de 2025 por disposici\u00f3n del juez Jos\u00e9 Luis Ter\u00e1n indicando que acataron la petici\u00f3n de la Asamblea Nacional. Por ello, Ter\u00e1n se\u00f1al\u00f3 que esta diligencia se realizar\u00e1 en forma telem\u00e1tica, a partir del d\u00eda 27 de agosto de 2025, a las 10:00, y que \u00abpodr\u00e1n participar los accionantes de las distintas causas que se acumulen hasta esa fecha\u00bb, de este modo rechaz\u00f3 la petici\u00f3n del presidente Daniel Noboa.<\/p>\n<p>La Ley de Integridad P\u00fablica acumula 26 demandas de inconstitucionalidad. El texto abarca temas relacionados con la supresi\u00f3n de instituciones p\u00fablicas, despido de funcionarios, la transformaci\u00f3n de algunas cooperativas en bancos, entre otras.<\/p>\n<p>Por otro lado, la Ley de Solidaridad Nacional, el juez constitucional Al\u00ed Lozada, convoc\u00f3 a una audiencia telem\u00e1tica para el pr\u00f3ximo lunes 25 de agosto, a las 10:30. Esta norma enfrenta cuatro demandas de inconstitucionalidad de Unidad Popular, Inredh, el Colegio de Abogados de Pichincha, entre otros. Como medida provisional, la Corte suspendi\u00f3 varios art\u00edculos relacionados con el conflicto armado interno. (I)<\/p>\n","protected":false},"excerpt":{"rendered":"<p>La Corte Constitucional resolvi\u00f3 aplazar por una semana la audiencia que estaba prevista para el pr\u00f3ximo lunes, 18 de agosto de 2025 por disposici\u00f3n del juez Jos\u00e9 Luis Ter\u00e1n indicando que acataron la petici\u00f3n de la Asamblea Nacional. Por ello, Ter\u00e1n se\u00f1al\u00f3 que esta diligencia se realizar\u00e1 en forma telem\u00e1tica, a partir del d\u00eda 27 [&hellip;]<\/p>\n","protected":false},"author":1,"featured_media":14728,"comment_status":"open","ping_status":"open","sticky":false,"template":"","format":"standard","meta":{"footnotes":""},"categories":[12],"tags":[],"_links":{"self":[{"href":"https:\/\/infozamoraec.com\/index.php\/wp-json\/wp\/v2\/posts\/14727"}],"collection":[{"href":"https:\/\/infozamoraec.com\/index.php\/wp-json\/wp\/v2\/posts"}],"about":[{"href":"https:\/\/infozamoraec.com\/index.php\/wp-json\/wp\/v2\/types\/post"}],"author":[{"embeddable":true,"href":"https:\/\/infozamoraec.com\/index.php\/wp-json\/wp\/v2\/users\/1"}],"replies":[{"embeddable":true,"href":"https:\/\/infozamoraec.com\/index.php\/wp-json\/wp\/v2\/comments?post=14727"}],"version-history":[{"count":1,"href":"https:\/\/infozamoraec.com\/index.php\/wp-json\/wp\/v2\/posts\/14727\/revisions"}],"predecessor-version":[{"id":14729,"href":"https:\/\/infozamoraec.com\/index.php\/wp-json\/wp\/v2\/posts\/14727\/revisions\/14729"}],"wp:featuredmedia":[{"embeddable":true,"href":"https:\/\/infozamoraec.com\/index.php\/wp-json\/wp\/v2\/media\/14728"}],"wp:attachment":[{"href":"https:\/\/infozamoraec.com\/index.php\/wp-json\/wp\/v2\/media?parent=14727"}],"wp:term":[{"taxonomy":"category","embeddable":true,"href":"https:\/\/infozamoraec.com\/index.php\/wp-json\/wp\/v2\/categories?post=14727"},{"taxonomy":"post_tag","embeddable":true,"href":"https:\/\/infozamoraec.com\/index.php\/wp-json\/wp\/v2\/tags?post=14727"}],"curies":[{"name":"wp","href":"https:\/\/api.w.org\/{rel}","templated":true}]}}