{"id":14704,"date":"2025-08-15T02:28:25","date_gmt":"2025-08-15T02:28:25","guid":{"rendered":"https:\/\/infozamoraec.com\/?p=14704"},"modified":"2025-08-15T02:29:42","modified_gmt":"2025-08-15T02:29:42","slug":"banco-de-loja-convocara-junta-extraordinaria-para-aprobar-fusion-con-banco-del-pichincha","status":"publish","type":"post","link":"https:\/\/infozamoraec.com\/index.php\/2025\/08\/15\/banco-de-loja-convocara-junta-extraordinaria-para-aprobar-fusion-con-banco-del-pichincha\/","title":{"rendered":"Banco de Loja entrar\u00e1 en proceso de fusi\u00f3n por absorci\u00f3n con Banco del Pichincha"},"content":{"rendered":"<p data-start=\"96\" data-end=\"360\">El pr\u00f3ximo viernes 5 de septiembre de 2025 se desarrollar\u00e1 la Junta General Extraordinaria de Accionistas del Banco de Loja, convocada por su directorio con un \u00fanico punto en agenda: la fusi\u00f3n por absorci\u00f3n de la entidad lojana por parte del Banco del Pichincha.<\/p>\n<p data-start=\"362\" data-end=\"627\">De acuerdo con la informaci\u00f3n oficial, el Banco del Pichincha \u2014que ya posee la mayor\u00eda accionaria del Banco de Loja\u2014 asumir\u00e1 el control total de la instituci\u00f3n, lo que implica que todas las oficinas y sucursales actuales pasar\u00e1n a formar parte de su red nacional.<\/p>\n<p data-start=\"629\" data-end=\"905\">La noticia ha generado preocupaci\u00f3n tanto en el \u00e1mbito laboral como en el comercial. Actualmente, alrededor de 300 trabajadores forman parte de la plantilla del Banco de Loja, mientras que miles de clientes han mantenido por a\u00f1os su confianza en esta instituci\u00f3n financiera.<\/p>\n<p data-start=\"907\" data-end=\"1259\">La Superintendencia de Bancos ha garantizado que los recursos y dep\u00f3sitos de los clientes est\u00e1n completamente asegurados, descartando cualquier riesgo de p\u00e1nico financiero. El organismo regulador precis\u00f3 que se trata de un proceso de \u201cfusi\u00f3n por absorci\u00f3n\u201d que mantendr\u00e1 la operatividad de los servicios, aunque bajo la marca del Banco del Pichincha.<\/p>\n<p data-start=\"1261\" data-end=\"1466\" data-is-last-node=\"\" data-is-only-node=\"\">Si la propuesta es aprobada en la Junta Extraordinaria, el cambio de identidad institucional y operativa se implementar\u00e1 de manera progresiva en todas las agencias y canales de atenci\u00f3n a nivel nacional. (Multicanal Catamayo)<\/p>\n","protected":false},"excerpt":{"rendered":"<p>El pr\u00f3ximo viernes 5 de septiembre de 2025 se desarrollar\u00e1 la Junta General Extraordinaria de Accionistas del Banco de Loja, convocada por su directorio con un \u00fanico punto en agenda: la fusi\u00f3n por absorci\u00f3n de la entidad lojana por parte del Banco del Pichincha. De acuerdo con la informaci\u00f3n oficial, el Banco del Pichincha \u2014que [&hellip;]<\/p>\n","protected":false},"author":1,"featured_media":14706,"comment_status":"open","ping_status":"open","sticky":false,"template":"","format":"standard","meta":{"footnotes":""},"categories":[12],"tags":[],"_links":{"self":[{"href":"https:\/\/infozamoraec.com\/index.php\/wp-json\/wp\/v2\/posts\/14704"}],"collection":[{"href":"https:\/\/infozamoraec.com\/index.php\/wp-json\/wp\/v2\/posts"}],"about":[{"href":"https:\/\/infozamoraec.com\/index.php\/wp-json\/wp\/v2\/types\/post"}],"author":[{"embeddable":true,"href":"https:\/\/infozamoraec.com\/index.php\/wp-json\/wp\/v2\/users\/1"}],"replies":[{"embeddable":true,"href":"https:\/\/infozamoraec.com\/index.php\/wp-json\/wp\/v2\/comments?post=14704"}],"version-history":[{"count":3,"href":"https:\/\/infozamoraec.com\/index.php\/wp-json\/wp\/v2\/posts\/14704\/revisions"}],"predecessor-version":[{"id":14709,"href":"https:\/\/infozamoraec.com\/index.php\/wp-json\/wp\/v2\/posts\/14704\/revisions\/14709"}],"wp:featuredmedia":[{"embeddable":true,"href":"https:\/\/infozamoraec.com\/index.php\/wp-json\/wp\/v2\/media\/14706"}],"wp:attachment":[{"href":"https:\/\/infozamoraec.com\/index.php\/wp-json\/wp\/v2\/media?parent=14704"}],"wp:term":[{"taxonomy":"category","embeddable":true,"href":"https:\/\/infozamoraec.com\/index.php\/wp-json\/wp\/v2\/categories?post=14704"},{"taxonomy":"post_tag","embeddable":true,"href":"https:\/\/infozamoraec.com\/index.php\/wp-json\/wp\/v2\/tags?post=14704"}],"curies":[{"name":"wp","href":"https:\/\/api.w.org\/{rel}","templated":true}]}}