{"id":14696,"date":"2025-08-15T01:30:13","date_gmt":"2025-08-15T01:30:13","guid":{"rendered":"https:\/\/infozamoraec.com\/?p=14696"},"modified":"2025-08-15T01:38:20","modified_gmt":"2025-08-15T01:38:20","slug":"el-gobierno-desiste-de-aplazar-la-audiencia-en-la-corte-constitucional-para-tratar-la-ley-de-servicio-publico","status":"publish","type":"post","link":"https:\/\/infozamoraec.com\/index.php\/2025\/08\/15\/el-gobierno-desiste-de-aplazar-la-audiencia-en-la-corte-constitucional-para-tratar-la-ley-de-servicio-publico\/","title":{"rendered":"El Gobierno desiste de aplazar la audiencia en la Corte Constitucional para tratar la Ley de Servicio P\u00fablico"},"content":{"rendered":"<div class=\"cp-excerpt-xl\">\n<p>El Gobierno\u00a0ya no quiere diferir la audiencia\u00a0para tratar la\u00a0inconstitucionalidad\u00a0de la\u00a0Ley de Servicio P\u00fablico. El 14 de agosto, el secretario jur\u00eddico de la Presidencia, Stalin Andino, envi\u00f3 un documento a la Corte Constitucional en el que desiste de su pedido y solicita, adem\u00e1s, que la\u00a0audiencia sea presencial.<\/p>\n<p>\u00abDesisto de dicho requerimiento (aplazamiento), y solicito que la audiencia para el d\u00eda previamente convocado (18 de agosto) sea presencial, toda vez que los asuntos que se tratar\u00e1n son de inter\u00e9s nacional y requieren el m\u00e1s alto nivel de garant\u00eda del principio de inmediaci\u00f3n procesal\u00bb, se\u00f1al\u00f3 Andino en el documento.<\/p>\n<p>Apenas dos d\u00edas antes, el martes 12, el funcionario solicit\u00f3 a la Corte Constitucional suspender, al menos 15 d\u00edas, la audiencia convocada para el 18 de agosto de 2025, en la que se ten\u00eda previsto tratar la\u00a0demanda de inconstitucionalidad\u00a0planteada en contra de la\u00a0Ley Org\u00e1nica de Integridad P\u00fablica (LOIP).<\/p>\n<p>Demanda de inconstitucionalidad<\/p>\n<p>El pasado 8 de agosto, la CC admiti\u00f3 a tr\u00e1mite la demanda de inconstitucionalidad que present\u00f3 el partido pol\u00edtico\u00a0Unidad Popular\u00a0en contra de la\u00a0Ley Org\u00e1nica de Integridad P\u00fablica (LOIP).<\/p>\n<p>As\u00ed lo confirm\u00f3 en una entrevista a\u00a0Ecuavisa.com\u00a0el director de esa agrupaci\u00f3n pol\u00edtica,\u00a0Geovanni Atarihuana,\u00a0el pasado 8 de agosto. \u00abNos acaban de notificar que nuestra demanda fue admitida a tr\u00e1mite. Entiendo que se adjunta a la sala que tratar\u00e1 al primer caso que es el de la\u00a0Uni\u00f3n Nacional de Educadores (UNE)\u00bb.<\/p>\n<p>\u00abCuestionamos la reforma a la\u00a0Ley de Servicio P\u00fablico, por supuesto, los despidos, la estabilidad, pero tambi\u00e9n cuestionamos lo de las cooperativas a las que les quieren convertir en bancos y la disposici\u00f3n que permiti\u00f3 el perd\u00f3n de los impuestos a la\u00a0Corporaci\u00f3n Noboa\u00bb, acot\u00f3 el dirigente.<\/p>\n<p>Ahora, en la\u00a0Unidad Popular\u00a0se espera que les convoquen a la audiencia y que su causa se trate con urgencia. \u00abEs positivo, pero lamentamos que no nos hayan dado medidas cautelares como era lo l\u00f3gico porque se ha causado\u00a0da\u00f1os irreparables\u00a0a las familias de los funcionarios despedidos\u00bb.<\/p>\n<p>Atarihuana espera que la\u00a0CC\u00a0act\u00fae en derecho y que se imponga la justicia. Dijo que el pr\u00f3ximo 16 de agosto participar\u00e1 en la\u00a0Asamblea de las Organizaciones Populares. Luego se definir\u00e1 cuando retoman las movilizaciones.<\/p>\n<p>&nbsp;<\/p>\n<\/div>\n","protected":false},"excerpt":{"rendered":"<p>El Gobierno\u00a0ya no quiere diferir la audiencia\u00a0para tratar la\u00a0inconstitucionalidad\u00a0de la\u00a0Ley de Servicio P\u00fablico. El 14 de agosto, el secretario jur\u00eddico de la Presidencia, Stalin Andino, envi\u00f3 un documento a la Corte Constitucional en el que desiste de su pedido y solicita, adem\u00e1s, que la\u00a0audiencia sea presencial. \u00abDesisto de dicho requerimiento (aplazamiento), y solicito que la [&hellip;]<\/p>\n","protected":false},"author":1,"featured_media":14697,"comment_status":"open","ping_status":"open","sticky":false,"template":"","format":"standard","meta":{"footnotes":""},"categories":[12],"tags":[],"_links":{"self":[{"href":"https:\/\/infozamoraec.com\/index.php\/wp-json\/wp\/v2\/posts\/14696"}],"collection":[{"href":"https:\/\/infozamoraec.com\/index.php\/wp-json\/wp\/v2\/posts"}],"about":[{"href":"https:\/\/infozamoraec.com\/index.php\/wp-json\/wp\/v2\/types\/post"}],"author":[{"embeddable":true,"href":"https:\/\/infozamoraec.com\/index.php\/wp-json\/wp\/v2\/users\/1"}],"replies":[{"embeddable":true,"href":"https:\/\/infozamoraec.com\/index.php\/wp-json\/wp\/v2\/comments?post=14696"}],"version-history":[{"count":2,"href":"https:\/\/infozamoraec.com\/index.php\/wp-json\/wp\/v2\/posts\/14696\/revisions"}],"predecessor-version":[{"id":14699,"href":"https:\/\/infozamoraec.com\/index.php\/wp-json\/wp\/v2\/posts\/14696\/revisions\/14699"}],"wp:featuredmedia":[{"embeddable":true,"href":"https:\/\/infozamoraec.com\/index.php\/wp-json\/wp\/v2\/media\/14697"}],"wp:attachment":[{"href":"https:\/\/infozamoraec.com\/index.php\/wp-json\/wp\/v2\/media?parent=14696"}],"wp:term":[{"taxonomy":"category","embeddable":true,"href":"https:\/\/infozamoraec.com\/index.php\/wp-json\/wp\/v2\/categories?post=14696"},{"taxonomy":"post_tag","embeddable":true,"href":"https:\/\/infozamoraec.com\/index.php\/wp-json\/wp\/v2\/tags?post=14696"}],"curies":[{"name":"wp","href":"https:\/\/api.w.org\/{rel}","templated":true}]}}