{"id":14681,"date":"2025-08-15T01:19:36","date_gmt":"2025-08-15T01:19:36","guid":{"rendered":"https:\/\/infozamoraec.com\/?p=14681"},"modified":"2025-08-15T01:35:08","modified_gmt":"2025-08-15T01:35:08","slug":"marcha-contra-noboa-tuvo-poca-afluencia-pese-a-convocatoria-de-iza","status":"publish","type":"post","link":"https:\/\/infozamoraec.com\/index.php\/2025\/08\/15\/marcha-contra-noboa-tuvo-poca-afluencia-pese-a-convocatoria-de-iza\/","title":{"rendered":"Marcha contra Noboa tuvo poca afluencia pese a convocatoria de Iza"},"content":{"rendered":"<p>Pese al impulso del expresidente de la Conaie,\u00a0<a title=\"Leonidas Iza\" href=\"https:\/\/x.com\/LeonidasIzaEc\" target=\"_blank\" rel=\"noopener\">Leonidas Iza<\/a>\u00a0para manifestarse\u00a0<strong>en contra de las pol\u00edticas del presidente Daniel Noboa<\/strong>, \u00e9stas no tuvieron mayor afluencia de personas, incluso por imag\u00e9nes difuundidas en redes sociales, la afluencia fue todav\u00eda menor a las de la semana anterior y menos a\u00fan a las que se realizaron afuera de algunas instituciones de Gobierno que est\u00e1n por fusionarse.<\/p>\n<p>Dentro de los colectivos estuvo el feminista, un grupo propalestino y\u00a0<strong>el Movimiento Guevarista,\u00a0<a title=\"cuyos miembros fueron enjuiciados por reclutamiento guerrillero \" href=\"https:\/\/www.larepublica.ec\/blog\/2022\/11\/11\/miembros-del-movimiento-guevarista-iran-a-juicio\/\" target=\"_blank\" rel=\"noopener\">cuyos miembros fueron enjuiciados por reclutamiento guerrillero\u00a0<\/a>y fueron se\u00f1alados por actos violentos en octubre dee 2019 y junio de 2022.<\/strong><\/p>\n<p>Los manifestantes corearon \u00abFuera, Noboa, fuera\u00bb\u00a0<strong>mientras izaban una gran bandera de Palestina.<\/strong><\/p>\n<p>Iza hizo la convocatoria para las 16:00 de este jueves en el parque El Arbolito, en el centro-norte de la capital.<\/p>\n<p>La marcha se ten\u00eda previsto inicie\u00a0<strong>en el parque y pase por la Corte Constitucional (CC), la Embajada de Israel y el Ministerio de Cultura.<\/strong>\u00a0(I)<\/p>\n","protected":false},"excerpt":{"rendered":"<p>Pese al impulso del expresidente de la Conaie,\u00a0Leonidas Iza\u00a0para manifestarse\u00a0en contra de las pol\u00edticas del presidente Daniel Noboa, \u00e9stas no tuvieron mayor afluencia de personas, incluso por imag\u00e9nes difuundidas en redes sociales, la afluencia fue todav\u00eda menor a las de la semana anterior y menos a\u00fan a las que se realizaron afuera de algunas instituciones [&hellip;]<\/p>\n","protected":false},"author":1,"featured_media":14682,"comment_status":"open","ping_status":"open","sticky":false,"template":"","format":"standard","meta":{"footnotes":""},"categories":[12],"tags":[],"_links":{"self":[{"href":"https:\/\/infozamoraec.com\/index.php\/wp-json\/wp\/v2\/posts\/14681"}],"collection":[{"href":"https:\/\/infozamoraec.com\/index.php\/wp-json\/wp\/v2\/posts"}],"about":[{"href":"https:\/\/infozamoraec.com\/index.php\/wp-json\/wp\/v2\/types\/post"}],"author":[{"embeddable":true,"href":"https:\/\/infozamoraec.com\/index.php\/wp-json\/wp\/v2\/users\/1"}],"replies":[{"embeddable":true,"href":"https:\/\/infozamoraec.com\/index.php\/wp-json\/wp\/v2\/comments?post=14681"}],"version-history":[{"count":1,"href":"https:\/\/infozamoraec.com\/index.php\/wp-json\/wp\/v2\/posts\/14681\/revisions"}],"predecessor-version":[{"id":14683,"href":"https:\/\/infozamoraec.com\/index.php\/wp-json\/wp\/v2\/posts\/14681\/revisions\/14683"}],"wp:featuredmedia":[{"embeddable":true,"href":"https:\/\/infozamoraec.com\/index.php\/wp-json\/wp\/v2\/media\/14682"}],"wp:attachment":[{"href":"https:\/\/infozamoraec.com\/index.php\/wp-json\/wp\/v2\/media?parent=14681"}],"wp:term":[{"taxonomy":"category","embeddable":true,"href":"https:\/\/infozamoraec.com\/index.php\/wp-json\/wp\/v2\/categories?post=14681"},{"taxonomy":"post_tag","embeddable":true,"href":"https:\/\/infozamoraec.com\/index.php\/wp-json\/wp\/v2\/tags?post=14681"}],"curies":[{"name":"wp","href":"https:\/\/api.w.org\/{rel}","templated":true}]}}