{"id":14674,"date":"2025-08-15T01:06:29","date_gmt":"2025-08-15T01:06:29","guid":{"rendered":"https:\/\/infozamoraec.com\/?p=14674"},"modified":"2025-08-15T01:06:29","modified_gmt":"2025-08-15T01:06:29","slug":"noboa-da-marcha-atras-y-dice-que-si-presentara-justificacion-de-leyes-el-18-de-agosto-como-pide-la-cc","status":"publish","type":"post","link":"https:\/\/infozamoraec.com\/index.php\/2025\/08\/15\/noboa-da-marcha-atras-y-dice-que-si-presentara-justificacion-de-leyes-el-18-de-agosto-como-pide-la-cc\/","title":{"rendered":"Noboa da marcha atr\u00e1s y dice que s\u00ed presentar\u00e1 justificaci\u00f3n de leyes el 18 de agosto como pide la CC"},"content":{"rendered":"<p>Mediante un escrito publicado en redes sociales, el gobierno de Daniel Noboa cambi\u00f3 de opini\u00f3n y ahora pide a los jueces de la <strong>Corte Constitucional (CC)<\/strong>\u00a0que\u00a0<strong>sea presencial la audiencia p\u00fablica para tratar las demandas de inconstitucionalidad presentadas en contra de la\u00a0Ley Org\u00e1nica de Integridad P\u00fablica,\u00a0prevista para el 18 de agosto.<\/strong><\/p>\n<p>Esto se da luego de que el secretario jur\u00eddico de la Presidencia de la Rep\u00fablica,\u00a0<strong>Stalin Andino, ingres\u00f3 un escrito a la Corte Constitucional en el que pide que la diligencia prevista para este lunes a las 10:00 se realice de forma presencial, pues se convoc\u00f3 para hacerla virtual.<\/strong><\/p>\n<p>\u201cDesisto de dicho requerimiento y solicito que la audiencia para el d\u00eda previamente convocado sea presencial, toda vez que los asuntos que se tratar\u00e1n son de inter\u00e9s nacional y requieren el m\u00e1s alto nivel de garant\u00eda del principio de inmediaci\u00f3n procesal\u201d, justifica Andino al juez Jos\u00e9 Ter\u00e1n, quien desarrollar\u00e1 la ponencia para resoluci\u00f3n del pleno.<\/p>\n<p>Ahora resta saber la respuesta de la Corte Constitucional al pedido del Gobierno sobre la manera en la que se vaa a desarrollar la audiencia.\u00a0<strong>(I)<\/strong><\/p>\n<div>\n<div>\n<div class=\"trv-player-container\">\n<div class=\"trv-wrapper\">\n<div id=\"br_video_player_3c92b28c4770767c170017d97f91dfc1c223d532\" class=\"trvd_video_player trvdinstream\">\n<div class=\"media-player\">\n<div class=\"trv-video\">\n<div id=\"truvid_ima_container87100\" class=\"truvid_ima_container trv-ima-container-hidden\"><\/div>\n<\/div>\n<\/div>\n<\/div>\n<\/div>\n<\/div>\n<\/div>\n<\/div>\n","protected":false},"excerpt":{"rendered":"<p>Mediante un escrito publicado en redes sociales, el gobierno de Daniel Noboa cambi\u00f3 de opini\u00f3n y ahora pide a los jueces de la Corte Constitucional (CC)\u00a0que\u00a0sea presencial la audiencia p\u00fablica para tratar las demandas de inconstitucionalidad presentadas en contra de la\u00a0Ley Org\u00e1nica de Integridad P\u00fablica,\u00a0prevista para el 18 de agosto. Esto se da luego de [&hellip;]<\/p>\n","protected":false},"author":1,"featured_media":14675,"comment_status":"open","ping_status":"open","sticky":false,"template":"","format":"standard","meta":{"footnotes":""},"categories":[12],"tags":[],"_links":{"self":[{"href":"https:\/\/infozamoraec.com\/index.php\/wp-json\/wp\/v2\/posts\/14674"}],"collection":[{"href":"https:\/\/infozamoraec.com\/index.php\/wp-json\/wp\/v2\/posts"}],"about":[{"href":"https:\/\/infozamoraec.com\/index.php\/wp-json\/wp\/v2\/types\/post"}],"author":[{"embeddable":true,"href":"https:\/\/infozamoraec.com\/index.php\/wp-json\/wp\/v2\/users\/1"}],"replies":[{"embeddable":true,"href":"https:\/\/infozamoraec.com\/index.php\/wp-json\/wp\/v2\/comments?post=14674"}],"version-history":[{"count":1,"href":"https:\/\/infozamoraec.com\/index.php\/wp-json\/wp\/v2\/posts\/14674\/revisions"}],"predecessor-version":[{"id":14676,"href":"https:\/\/infozamoraec.com\/index.php\/wp-json\/wp\/v2\/posts\/14674\/revisions\/14676"}],"wp:featuredmedia":[{"embeddable":true,"href":"https:\/\/infozamoraec.com\/index.php\/wp-json\/wp\/v2\/media\/14675"}],"wp:attachment":[{"href":"https:\/\/infozamoraec.com\/index.php\/wp-json\/wp\/v2\/media?parent=14674"}],"wp:term":[{"taxonomy":"category","embeddable":true,"href":"https:\/\/infozamoraec.com\/index.php\/wp-json\/wp\/v2\/categories?post=14674"},{"taxonomy":"post_tag","embeddable":true,"href":"https:\/\/infozamoraec.com\/index.php\/wp-json\/wp\/v2\/tags?post=14674"}],"curies":[{"name":"wp","href":"https:\/\/api.w.org\/{rel}","templated":true}]}}