{"id":14658,"date":"2025-08-14T02:15:16","date_gmt":"2025-08-14T02:15:16","guid":{"rendered":"https:\/\/infozamoraec.com\/?p=14658"},"modified":"2025-08-14T02:15:16","modified_gmt":"2025-08-14T02:15:16","slug":"el-gobierno-del-presidente-noboa-abre-convocatorias-para-incorporar-2-800-nuevos-profesionales-al-sistema-educativo","status":"publish","type":"post","link":"https:\/\/infozamoraec.com\/index.php\/2025\/08\/14\/el-gobierno-del-presidente-noboa-abre-convocatorias-para-incorporar-2-800-nuevos-profesionales-al-sistema-educativo\/","title":{"rendered":"El Gobierno del presidente Noboa abre convocatorias para incorporar 2.800 nuevos profesionales al sistema educativo"},"content":{"rendered":"<p>En el marco de la pol\u00edtica de valorizaci\u00f3n docente y con el objetivo de cerrar brechas en el acceso a profesionales de la educaci\u00f3n, el Ministerio de Educaci\u00f3n incorporar\u00e1 a 2.800 nuevos profesionales a trav\u00e9s de la plataforma\u00a0<em>Educa Empleo<\/em>, en beneficio de estudiantes de todo el pa\u00eds.<\/p>\n<p>Del total,\u00a0<strong>2.300 plazas corresponden a docentes<\/strong>, cuyas inscripciones estar\u00e1n habilitadas del\u00a0<strong>16 al 18 de agosto de 2025<\/strong>.<\/p>\n<p><strong>Requisitos para docentes:<\/strong><\/p>\n<ul>\n<li>Formaci\u00f3n acad\u00e9mica: T\u00edtulo de tercer nivel registrado en la Senescyt.<\/li>\n<li>Situaci\u00f3n laboral: No encontrarse vinculado al Ministerio de Educaci\u00f3n bajo el r\u00e9gimen LOEI o LOSEP.<\/li>\n<li>Dominio de lengua ancestral: Certificado de biling\u00fcismo que acredite el dominio de lengua ancestral o dialecto (para ofertas en Instituciones Interculturales Biling\u00fces).<\/li>\n<li>Dominio del idioma ingl\u00e9s: Certificado B2 del Marco Com\u00fan Europeo de Referencia (MCRE), conforme al art\u00edculo 244 del Reglamento General a la Ley Org\u00e1nica de Educaci\u00f3n Intercultural (para vacantes de ingl\u00e9s).<\/li>\n<li>Cumplimiento normativo: No estar incurso en prohibiciones generales o especiales establecidas en la normativa que regula el servicio p\u00fablico.<\/li>\n<\/ul>\n<p>Asimismo, el Ministerio\u00a0<strong>incorporar\u00e1 500 profesionales para los Departamentos de Consejer\u00eda Estudiantil (DECE)<\/strong>, con el fin de fortalecer el acompa\u00f1amiento psicoeducativo a los estudiantes. Las postulaciones estar\u00e1n abiertas del\u00a0<strong>19 al 21 de agosto de 2025<\/strong>.<\/p>\n<p><strong>Requisitos para profesionales DECE:<\/strong><\/p>\n<ul>\n<li>T\u00edtulo de tercer nivel t\u00e9cnico, tecnol\u00f3gico o de grado en los campos de Educaci\u00f3n, Ciencias Sociales, Salud y Bienestar, cuyas carreras est\u00e9n asociadas con Psicolog\u00eda General, Psicolog\u00eda Educativa, Psicolog\u00eda Cl\u00ednica, Trabajo Social y afines, seg\u00fan el cat\u00e1logo de t\u00edtulos definido por la Autoridad Educativa Nacional y registrado en el Sistema Nacional de Informaci\u00f3n de la Educaci\u00f3n Superior del Ecuador (Senescyt).<\/li>\n<\/ul>\n<p>Ambos procesos estar\u00e1n disponibles en la p\u00e1gina web institucional:<\/p>\n<ul>\n<li>Educa Empleo para docentes:\u00a0<strong><a href=\"https:\/\/educacion.gob.ec\/educa-empleo\/\" target=\"_blank\" rel=\"noopener\">CLIC AQU\u00cd<\/a><\/strong><\/li>\n<li>Educa Empleo para DECE:\u00a0<strong><a href=\"https:\/\/educacion.gob.ec\/educa-empleo-para-dece\/\" target=\"_blank\" rel=\"noopener\">CLIC AQU\u00cd<\/a><\/strong><\/li>\n<\/ul>\n<p>Con estas convocatorias, el Ministerio de Educaci\u00f3n reafirma su compromiso de fortalecer el talento humano en el sistema educativo nacional, priorizando el bienestar y el aprendizaje de ni\u00f1os, ni\u00f1as y adolescentes en todo el pa\u00eds.<\/p>\n<p>Estas acciones forman parte de una pol\u00edtica integral de\u00a0<strong>valorizaci\u00f3n de la carrera docente<\/strong>, que incluye una optimizaci\u00f3n de\u00a0<strong>12 millones de d\u00f3lares<\/strong>\u00a0destinada a reconocer el rol transformador de la educaci\u00f3n y el compromiso de quienes la hacen posible.<\/p>\n","protected":false},"excerpt":{"rendered":"<p>En el marco de la pol\u00edtica de valorizaci\u00f3n docente y con el objetivo de cerrar brechas en el acceso a profesionales de la educaci\u00f3n, el Ministerio de Educaci\u00f3n incorporar\u00e1 a 2.800 nuevos profesionales a trav\u00e9s de la plataforma\u00a0Educa Empleo, en beneficio de estudiantes de todo el pa\u00eds. Del total,\u00a02.300 plazas corresponden a docentes, cuyas inscripciones [&hellip;]<\/p>\n","protected":false},"author":1,"featured_media":14659,"comment_status":"open","ping_status":"open","sticky":false,"template":"","format":"standard","meta":{"footnotes":""},"categories":[12],"tags":[],"_links":{"self":[{"href":"https:\/\/infozamoraec.com\/index.php\/wp-json\/wp\/v2\/posts\/14658"}],"collection":[{"href":"https:\/\/infozamoraec.com\/index.php\/wp-json\/wp\/v2\/posts"}],"about":[{"href":"https:\/\/infozamoraec.com\/index.php\/wp-json\/wp\/v2\/types\/post"}],"author":[{"embeddable":true,"href":"https:\/\/infozamoraec.com\/index.php\/wp-json\/wp\/v2\/users\/1"}],"replies":[{"embeddable":true,"href":"https:\/\/infozamoraec.com\/index.php\/wp-json\/wp\/v2\/comments?post=14658"}],"version-history":[{"count":1,"href":"https:\/\/infozamoraec.com\/index.php\/wp-json\/wp\/v2\/posts\/14658\/revisions"}],"predecessor-version":[{"id":14660,"href":"https:\/\/infozamoraec.com\/index.php\/wp-json\/wp\/v2\/posts\/14658\/revisions\/14660"}],"wp:featuredmedia":[{"embeddable":true,"href":"https:\/\/infozamoraec.com\/index.php\/wp-json\/wp\/v2\/media\/14659"}],"wp:attachment":[{"href":"https:\/\/infozamoraec.com\/index.php\/wp-json\/wp\/v2\/media?parent=14658"}],"wp:term":[{"taxonomy":"category","embeddable":true,"href":"https:\/\/infozamoraec.com\/index.php\/wp-json\/wp\/v2\/categories?post=14658"},{"taxonomy":"post_tag","embeddable":true,"href":"https:\/\/infozamoraec.com\/index.php\/wp-json\/wp\/v2\/tags?post=14658"}],"curies":[{"name":"wp","href":"https:\/\/api.w.org\/{rel}","templated":true}]}}