{"id":14655,"date":"2025-08-14T02:06:17","date_gmt":"2025-08-14T02:06:17","guid":{"rendered":"https:\/\/infozamoraec.com\/?p=14655"},"modified":"2025-08-14T02:06:17","modified_gmt":"2025-08-14T02:06:17","slug":"cuenca-tendra-la-primera-zona-franca-tecnologica-del-pais","status":"publish","type":"post","link":"https:\/\/infozamoraec.com\/index.php\/2025\/08\/14\/cuenca-tendra-la-primera-zona-franca-tecnologica-del-pais\/","title":{"rendered":"Cuenca tendr\u00e1 la primera zona franca tecnol\u00f3gica del pa\u00eds"},"content":{"rendered":"<p>El presidente Daniel Noboa present\u00f3 este mi\u00e9rcoles, 13 de agosto, el proyecto de la primera Zona Franca Tecnol\u00f3gica del Ecuador, que busca convertir a Cuenca en un punto estrat\u00e9gico para el crecimiento econ\u00f3mico, el desarrollo tecnol\u00f3gico y la atracci\u00f3n de inversiones nacionales e internacionales.<\/p>\n<p>La iniciativa, que fue una promesa de campa\u00f1a de Noboa, se formaliz\u00f3 con la firma de un memorando de entendimiento entre el Ministerio de Producci\u00f3n, Comercio Exterior, Inversiones y Pesca (MPCEIP), la Universidad Cat\u00f3lica de Cuenca y la C\u00e1mara de Industrias, Producci\u00f3n y Empleo de la ciudad.<\/p>\n<p>De acuerdo con un bolet\u00edn compartido por la Presidencia, el proyecto contar\u00e1 con el acompa\u00f1amiento t\u00e9cnico de especialistas de Emiratos \u00c1rabes Unidos, una de las cinco potencias mundiales en inteligencia artificial.<\/p>\n<p>Seg\u00fan Noboa, este modelo permitir\u00e1 diversificar la producci\u00f3n y exportaciones ecuatorianas, potenciando la exportaci\u00f3n de servicios tecnol\u00f3gicos y creando empleos para j\u00f3venes con talento en programaci\u00f3n.<\/p>\n<p>El r\u00e9gimen especial de la zona franca ofrece incentivos, como exoneraci\u00f3n del impuesto a la renta durante los primeros cinco a\u00f1os, tarifa fija del 15 % en adelante, y eliminaci\u00f3n del IVA, ISD y aranceles.<\/p>\n<p>\u201cCuenca re\u00fane las condiciones ideales para este tipo de iniciativas\u201d, se\u00f1al\u00f3 el ministro de Producci\u00f3n, Luis Jaramillo.<\/p>\n<p>El espacio funcionar\u00e1 como centro de investigaci\u00f3n, desarrollo e innovaci\u00f3n, fortaleciendo la vocaci\u00f3n industrial de Azuay y consolidando a la capital azuaya como un actor clave en la econom\u00eda del conocimiento.<\/p>\n","protected":false},"excerpt":{"rendered":"<p>El presidente Daniel Noboa present\u00f3 este mi\u00e9rcoles, 13 de agosto, el proyecto de la primera Zona Franca Tecnol\u00f3gica del Ecuador, que busca convertir a Cuenca en un punto estrat\u00e9gico para el crecimiento econ\u00f3mico, el desarrollo tecnol\u00f3gico y la atracci\u00f3n de inversiones nacionales e internacionales. La iniciativa, que fue una promesa de campa\u00f1a de Noboa, se [&hellip;]<\/p>\n","protected":false},"author":1,"featured_media":14656,"comment_status":"open","ping_status":"open","sticky":false,"template":"","format":"standard","meta":{"footnotes":""},"categories":[12],"tags":[],"_links":{"self":[{"href":"https:\/\/infozamoraec.com\/index.php\/wp-json\/wp\/v2\/posts\/14655"}],"collection":[{"href":"https:\/\/infozamoraec.com\/index.php\/wp-json\/wp\/v2\/posts"}],"about":[{"href":"https:\/\/infozamoraec.com\/index.php\/wp-json\/wp\/v2\/types\/post"}],"author":[{"embeddable":true,"href":"https:\/\/infozamoraec.com\/index.php\/wp-json\/wp\/v2\/users\/1"}],"replies":[{"embeddable":true,"href":"https:\/\/infozamoraec.com\/index.php\/wp-json\/wp\/v2\/comments?post=14655"}],"version-history":[{"count":1,"href":"https:\/\/infozamoraec.com\/index.php\/wp-json\/wp\/v2\/posts\/14655\/revisions"}],"predecessor-version":[{"id":14657,"href":"https:\/\/infozamoraec.com\/index.php\/wp-json\/wp\/v2\/posts\/14655\/revisions\/14657"}],"wp:featuredmedia":[{"embeddable":true,"href":"https:\/\/infozamoraec.com\/index.php\/wp-json\/wp\/v2\/media\/14656"}],"wp:attachment":[{"href":"https:\/\/infozamoraec.com\/index.php\/wp-json\/wp\/v2\/media?parent=14655"}],"wp:term":[{"taxonomy":"category","embeddable":true,"href":"https:\/\/infozamoraec.com\/index.php\/wp-json\/wp\/v2\/categories?post=14655"},{"taxonomy":"post_tag","embeddable":true,"href":"https:\/\/infozamoraec.com\/index.php\/wp-json\/wp\/v2\/tags?post=14655"}],"curies":[{"name":"wp","href":"https:\/\/api.w.org\/{rel}","templated":true}]}}