{"id":14645,"date":"2025-08-14T02:00:15","date_gmt":"2025-08-14T02:00:15","guid":{"rendered":"https:\/\/infozamoraec.com\/?p=14645"},"modified":"2025-08-14T02:00:15","modified_gmt":"2025-08-14T02:00:15","slug":"el-ministerio-del-trabajo-desvinculo-a-102-funcionarios-y-pago-240-000-en-indemnizaciones","status":"publish","type":"post","link":"https:\/\/infozamoraec.com\/index.php\/2025\/08\/14\/el-ministerio-del-trabajo-desvinculo-a-102-funcionarios-y-pago-240-000-en-indemnizaciones\/","title":{"rendered":"El Ministerio del Trabajo desvincul\u00f3 a 102 funcionarios y pag\u00f3 $ 240.000 en indemnizaciones"},"content":{"rendered":"<p>En el Ministerio del Trabajo 102 personas fueron desvinculadas y no ya no se dar\u00edan m\u00e1s salidas, indic\u00f3 la titular de la cartera de Estado, Ivonne N\u00fa\u00f1ez, este mi\u00e9rcoles, 13 de agosto, durante un evento de la C\u00e1mara de la Construcci\u00f3n de Guayaquil.<\/p>\n<p>Poco a poco, los ministerios y otras empresas p\u00fablicas han dado a conocer el n\u00famero de funcionarios que han sido desvinculados, tras el anuncio del Gobierno de la separaci\u00f3n de 5.000 servidores p\u00fablicos.<\/p>\n<p>Hasta el pasado 9 de agosto, entre cinco entidades o empresas ya sumaban 2.295 servidores desvinculados y que ahora con los 102 del Ministerio del Trabajo llegan a 2.397.<\/p>\n<p>N\u00fa\u00f1ez indic\u00f3 que en el caso de su cartera de Estado, los 102 funcionarios recibieron el total de su remuneraci\u00f3n del mes de julio y se pagaron $ 240.000 en indemnizaciones. \u201cEso en el caso del Ministerio del Trabajo, yo por las otras instituciones no tengo informaci\u00f3n ni respondo por ellas\u201d.<\/p>\n<p>La semana pasada, Petroecuador indic\u00f3 que 936 funcionarios ser\u00edan desvinculados entre el 8 y 9 de agosto, sum\u00e1ndose a la salida de 250 personas que se dio el 26 de julio.<\/p>\n<p>La ministra de Energ\u00eda y Minas, In\u00e9s Manzano, coment\u00f3 que de la Corporaci\u00f3n El\u00e9ctrica del Ecuador (Celec) salieron 300 trabajadores, unos relacionados por los contratos en pol\u00e9mica con Progen y otros por el plan de eficiencia administrativa.<\/p>\n<p>En el Ministerio de Transporte y Obras P\u00fablicas, 105 servidores, dijo el titular de la cartera de Estado, Roberto Luque.<\/p>\n<p>En tanto que de la Corporaci\u00f3n Nacional de Electricidad (CNEL), 164 trabajadores, indic\u00f3 el Comit\u00e9 de Empresa.<\/p>\n<p>Y del Instituto Ecuatoriano de Seguridad Social (IESS) un total de 540 trabajadores.<\/p>\n","protected":false},"excerpt":{"rendered":"<p>En el Ministerio del Trabajo 102 personas fueron desvinculadas y no ya no se dar\u00edan m\u00e1s salidas, indic\u00f3 la titular de la cartera de Estado, Ivonne N\u00fa\u00f1ez, este mi\u00e9rcoles, 13 de agosto, durante un evento de la C\u00e1mara de la Construcci\u00f3n de Guayaquil. Poco a poco, los ministerios y otras empresas p\u00fablicas han dado a [&hellip;]<\/p>\n","protected":false},"author":1,"featured_media":14646,"comment_status":"open","ping_status":"open","sticky":false,"template":"","format":"standard","meta":{"footnotes":""},"categories":[12],"tags":[],"_links":{"self":[{"href":"https:\/\/infozamoraec.com\/index.php\/wp-json\/wp\/v2\/posts\/14645"}],"collection":[{"href":"https:\/\/infozamoraec.com\/index.php\/wp-json\/wp\/v2\/posts"}],"about":[{"href":"https:\/\/infozamoraec.com\/index.php\/wp-json\/wp\/v2\/types\/post"}],"author":[{"embeddable":true,"href":"https:\/\/infozamoraec.com\/index.php\/wp-json\/wp\/v2\/users\/1"}],"replies":[{"embeddable":true,"href":"https:\/\/infozamoraec.com\/index.php\/wp-json\/wp\/v2\/comments?post=14645"}],"version-history":[{"count":1,"href":"https:\/\/infozamoraec.com\/index.php\/wp-json\/wp\/v2\/posts\/14645\/revisions"}],"predecessor-version":[{"id":14647,"href":"https:\/\/infozamoraec.com\/index.php\/wp-json\/wp\/v2\/posts\/14645\/revisions\/14647"}],"wp:featuredmedia":[{"embeddable":true,"href":"https:\/\/infozamoraec.com\/index.php\/wp-json\/wp\/v2\/media\/14646"}],"wp:attachment":[{"href":"https:\/\/infozamoraec.com\/index.php\/wp-json\/wp\/v2\/media?parent=14645"}],"wp:term":[{"taxonomy":"category","embeddable":true,"href":"https:\/\/infozamoraec.com\/index.php\/wp-json\/wp\/v2\/categories?post=14645"},{"taxonomy":"post_tag","embeddable":true,"href":"https:\/\/infozamoraec.com\/index.php\/wp-json\/wp\/v2\/tags?post=14645"}],"curies":[{"name":"wp","href":"https:\/\/api.w.org\/{rel}","templated":true}]}}