{"id":14639,"date":"2025-08-14T01:56:36","date_gmt":"2025-08-14T01:56:36","guid":{"rendered":"https:\/\/infozamoraec.com\/?p=14639"},"modified":"2025-08-14T01:56:36","modified_gmt":"2025-08-14T01:56:36","slug":"ninez-intervendra-hospitales-de-guayaquil-por-muertes-neonatales","status":"publish","type":"post","link":"https:\/\/infozamoraec.com\/index.php\/2025\/08\/14\/ninez-intervendra-hospitales-de-guayaquil-por-muertes-neonatales\/","title":{"rendered":"Ni\u00f1ez intervendr\u00e1 hospitales de Guayaquil por muertes neonatales"},"content":{"rendered":"<p>La Comisi\u00f3n para la Protecci\u00f3n Integral de Ni\u00f1as, Ni\u00f1os y Adolescentes de la Asamblea Nacional, en Quito, llevar\u00e1 a cabo una sesi\u00f3n el pr\u00f3ximo viernes, 15 de agosto, en Guayaquil, con el objetivo de escuchar los testimonios de familiares, representantes de gremios m\u00e9dicos y realizar visitas a hospitales p\u00fablicos.<\/p>\n<p>Esta actividad se enmarc\u00f3 dentro de una investigaci\u00f3n por el preocupante incremento de muertes neonatales en el pa\u00eds.<\/p>\n<p>La iniciativa respondi\u00f3 a una propuesta de la asamble\u00edsta corre\u00edsta, Viviana Veloz, aprobada por unanimidad, que estableci\u00f3 el inicio de un proceso de fiscalizaci\u00f3n respecto a 624 fallecimientos de reci\u00e9n nacidos registrados en lo que va del a\u00f1o. De esos casos, al menos 48 estar\u00edan relacionados con sepsis bacteriana.<\/p>\n<p>Seg\u00fan la resoluci\u00f3n, deber\u00e1n comparecer los m\u00e1ximos representantes o delegados del Ministerio de Salud P\u00fablica (MSP), la Agencia de Aseguramiento de la Calidad de los Servicios de Salud (ACESS), la Fiscal\u00eda General del Estado (FGE), la Defensor\u00eda del Pueblo, hospitales p\u00fablicos involucrados y otras instituciones estatales o privadas, as\u00ed como m\u00e9dicos y miembros de la sociedad civil que puedan aportar informaci\u00f3n relevante.<\/p>\n<p>La comisi\u00f3n tiene un plazo m\u00e1ximo de 60 d\u00edas, contados desde el inicio formal del proceso para presentar un informe con conclusiones y recomendaciones orientadas a prevenir y eliminar cualquier forma de violencia institucional contra la infancia y adolescencia en el sistema de salud.<\/p>\n<p>Este documento ser\u00e1 remitido al Parlamento, la Fiscal\u00eda, la Contralor\u00eda, la Secretar\u00eda de Derechos Humanos y el Ministerio de Inclusi\u00f3n Econ\u00f3mica y Social para su respectivo tratamiento legal.<\/p>\n","protected":false},"excerpt":{"rendered":"<p>La Comisi\u00f3n para la Protecci\u00f3n Integral de Ni\u00f1as, Ni\u00f1os y Adolescentes de la Asamblea Nacional, en Quito, llevar\u00e1 a cabo una sesi\u00f3n el pr\u00f3ximo viernes, 15 de agosto, en Guayaquil, con el objetivo de escuchar los testimonios de familiares, representantes de gremios m\u00e9dicos y realizar visitas a hospitales p\u00fablicos. Esta actividad se enmarc\u00f3 dentro de [&hellip;]<\/p>\n","protected":false},"author":1,"featured_media":14640,"comment_status":"open","ping_status":"open","sticky":false,"template":"","format":"standard","meta":{"footnotes":""},"categories":[12],"tags":[],"_links":{"self":[{"href":"https:\/\/infozamoraec.com\/index.php\/wp-json\/wp\/v2\/posts\/14639"}],"collection":[{"href":"https:\/\/infozamoraec.com\/index.php\/wp-json\/wp\/v2\/posts"}],"about":[{"href":"https:\/\/infozamoraec.com\/index.php\/wp-json\/wp\/v2\/types\/post"}],"author":[{"embeddable":true,"href":"https:\/\/infozamoraec.com\/index.php\/wp-json\/wp\/v2\/users\/1"}],"replies":[{"embeddable":true,"href":"https:\/\/infozamoraec.com\/index.php\/wp-json\/wp\/v2\/comments?post=14639"}],"version-history":[{"count":1,"href":"https:\/\/infozamoraec.com\/index.php\/wp-json\/wp\/v2\/posts\/14639\/revisions"}],"predecessor-version":[{"id":14641,"href":"https:\/\/infozamoraec.com\/index.php\/wp-json\/wp\/v2\/posts\/14639\/revisions\/14641"}],"wp:featuredmedia":[{"embeddable":true,"href":"https:\/\/infozamoraec.com\/index.php\/wp-json\/wp\/v2\/media\/14640"}],"wp:attachment":[{"href":"https:\/\/infozamoraec.com\/index.php\/wp-json\/wp\/v2\/media?parent=14639"}],"wp:term":[{"taxonomy":"category","embeddable":true,"href":"https:\/\/infozamoraec.com\/index.php\/wp-json\/wp\/v2\/categories?post=14639"},{"taxonomy":"post_tag","embeddable":true,"href":"https:\/\/infozamoraec.com\/index.php\/wp-json\/wp\/v2\/tags?post=14639"}],"curies":[{"name":"wp","href":"https:\/\/api.w.org\/{rel}","templated":true}]}}