{"id":14636,"date":"2025-08-14T01:52:52","date_gmt":"2025-08-14T01:52:52","guid":{"rendered":"https:\/\/infozamoraec.com\/?p=14636"},"modified":"2025-08-14T02:09:21","modified_gmt":"2025-08-14T02:09:21","slug":"aplazan-audiencia-preparatoria-contra-17-militares-por-desaparicion-y-asesinato-de-los-cuatro-ninos-de-las-malvinas","status":"publish","type":"post","link":"https:\/\/infozamoraec.com\/index.php\/2025\/08\/14\/aplazan-audiencia-preparatoria-contra-17-militares-por-desaparicion-y-asesinato-de-los-cuatro-ninos-de-las-malvinas\/","title":{"rendered":"Aplazan audiencia preparatoria contra 17 militares por desaparici\u00f3n y asesinato de los cuatro ni\u00f1os de Las Malvinas"},"content":{"rendered":"<p>La audiencia preparatoria de juicio prevista para este mi\u00e9rcoles contra 17 militares ecuatorianos por la desaparici\u00f3n forzada de cuatro menores afrodescendientes -detenidos de manera irregular y hallados d\u00edas despu\u00e9s muertos con disparos en la cabeza-, no se instal\u00f3 por pedido de la defensa t\u00e9cnica de uno de los procesados.<\/p>\n<p>As\u00ed lo inform\u00f3 la Fiscal\u00eda General del Estado en sus redes sociales al se\u00f1alar que se pospuso la audiencia preparatoria de juicio contra los militares, investigados por la presunta desaparici\u00f3n forzada en diciembre pasado de cuatro menores de edad en el sector de Las Malvinas, en el suroeste de Guayaquil.<\/p>\n<p>Una fuente del Ministerio P\u00fablico indic\u00f3 a EFE que \u00abse informar\u00e1 oportunamente\u00bb sobre la nueva fecha de la audiencia preparatoria de juicio, aunque se\u00f1al\u00f3 que el juez mencion\u00f3 como \u00abtentativa\u00bb la posibilidad de que se realice el pr\u00f3ximo 25 de agosto.<\/p>\n<p>Ya el pasado 10 de julio se suspendi\u00f3 la audiencia preparatoria de juicio por la presentaci\u00f3n de nuevas pericias no conocidas previamente por los abogados de ambas partes.<\/p>\n<p>Cuatro muchachos<br \/>\nEl caso se remonta a la noche del 8 de diciembre de 2024, cuando los hermanos Ismael y Josu\u00e9 Arroyo, de 15 y 14 a\u00f1os, y sus amigos Sa\u00fal Arboleda, de 15, y Steven Medina, de 11, quienes viv\u00edan en el barrio Las Malvinas, en Guayaquil, fueron detenidos irregularmente por dos patrullas en los exteriores de un centro comercial y fueron llevados a la zona de Taura, a unos 40 kil\u00f3metros de la ciudad, cerca de una base de la Fuerza A\u00e9rea Ecuatoriana (FAE).<\/p>\n<p>Los militares aseguraron desde un inicio que dejaron a los menores con vida en una zona rural de la localidad, y lo ratificaron en una primera reconstrucci\u00f3n de los hechos realizada en marzo.<\/p>\n<p>Sin embargo, tres de ellos decidieron solicitar una cooperaci\u00f3n eficaz (delaci\u00f3n premiada) y se\u00f1alaron en una segunda reconstrucci\u00f3n de los hechos que, antes de su desaparici\u00f3n, los ni\u00f1os hab\u00edan sido golpeados y humillados repetidamente por varios de sus compa\u00f1eros.<\/p>\n<p>La autopsia de los restos de los menores revel\u00f3 que tres de ellos recibieron disparos en la cabeza, y uno. hab\u00eda muerto de golpes en el cr\u00e1neo. EFE<\/p>\n","protected":false},"excerpt":{"rendered":"<p>La audiencia preparatoria de juicio prevista para este mi\u00e9rcoles contra 17 militares ecuatorianos por la desaparici\u00f3n forzada de cuatro menores afrodescendientes -detenidos de manera irregular y hallados d\u00edas despu\u00e9s muertos con disparos en la cabeza-, no se instal\u00f3 por pedido de la defensa t\u00e9cnica de uno de los procesados. As\u00ed lo inform\u00f3 la Fiscal\u00eda General [&hellip;]<\/p>\n","protected":false},"author":1,"featured_media":14637,"comment_status":"open","ping_status":"open","sticky":false,"template":"","format":"standard","meta":{"footnotes":""},"categories":[12],"tags":[],"_links":{"self":[{"href":"https:\/\/infozamoraec.com\/index.php\/wp-json\/wp\/v2\/posts\/14636"}],"collection":[{"href":"https:\/\/infozamoraec.com\/index.php\/wp-json\/wp\/v2\/posts"}],"about":[{"href":"https:\/\/infozamoraec.com\/index.php\/wp-json\/wp\/v2\/types\/post"}],"author":[{"embeddable":true,"href":"https:\/\/infozamoraec.com\/index.php\/wp-json\/wp\/v2\/users\/1"}],"replies":[{"embeddable":true,"href":"https:\/\/infozamoraec.com\/index.php\/wp-json\/wp\/v2\/comments?post=14636"}],"version-history":[{"count":1,"href":"https:\/\/infozamoraec.com\/index.php\/wp-json\/wp\/v2\/posts\/14636\/revisions"}],"predecessor-version":[{"id":14638,"href":"https:\/\/infozamoraec.com\/index.php\/wp-json\/wp\/v2\/posts\/14636\/revisions\/14638"}],"wp:featuredmedia":[{"embeddable":true,"href":"https:\/\/infozamoraec.com\/index.php\/wp-json\/wp\/v2\/media\/14637"}],"wp:attachment":[{"href":"https:\/\/infozamoraec.com\/index.php\/wp-json\/wp\/v2\/media?parent=14636"}],"wp:term":[{"taxonomy":"category","embeddable":true,"href":"https:\/\/infozamoraec.com\/index.php\/wp-json\/wp\/v2\/categories?post=14636"},{"taxonomy":"post_tag","embeddable":true,"href":"https:\/\/infozamoraec.com\/index.php\/wp-json\/wp\/v2\/tags?post=14636"}],"curies":[{"name":"wp","href":"https:\/\/api.w.org\/{rel}","templated":true}]}}