{"id":14612,"date":"2025-08-13T02:06:02","date_gmt":"2025-08-13T02:06:02","guid":{"rendered":"https:\/\/infozamoraec.com\/?p=14612"},"modified":"2025-08-13T02:06:02","modified_gmt":"2025-08-13T02:06:02","slug":"daniel-noboa-lidera-marcha-en-quito-hacia-la-corte-constitucional","status":"publish","type":"post","link":"https:\/\/infozamoraec.com\/index.php\/2025\/08\/13\/daniel-noboa-lidera-marcha-en-quito-hacia-la-corte-constitucional\/","title":{"rendered":"Daniel Noboa lidera marcha en Quito hacia la Corte Constitucional"},"content":{"rendered":"<p>A las 11:40 de este martes 12 de agosto, comenz\u00f3 la movilizaci\u00f3n convocada por el presidente Daniel Noboa rumbo a la Corte Constitucional (CC).<\/p>\n<p>Portando un chaleco antibalas negro, Noboa lleg\u00f3 a las 11:38 en medio de un fuerte contigente militar y la movilizaci\u00f3n comenz\u00f3 pocos minutos despu\u00e9s.<\/p>\n<p>Al mandatario lo acompa\u00f1an varios de sus ministros y asamble\u00edstas. El ministro del Interior, John Reimberg y el de Defensa, Giancarlo Loffredo visten chalecos antibalas.<\/p>\n<p>Para acompa\u00f1ar al mandatario se dieron cita tambi\u00e9n asamble\u00edstas como la jefa de la bancada oficialista de ADN, Valentina Centeno, y otros legisladores como Andres Guschmer, Ferdinan \u00c1lvarez y Jorge Chamba.<\/p>\n<p>La movilizaci\u00f3n en direcci\u00f3n a la CC se da en rechazo a la suspensi\u00f3n provisional de 17 art\u00edculos de las leyes de Solidaridad Nacional, de Inteligencia y de Integridad P\u00fablica.<\/p>\n<p>La marcha parti\u00f3 desde el puente del Guambra, ubicado en la avenida Patria, sobre la avenida 10 de Agosto, en el centro-norte de la capital.<\/p>\n<p>El punto de llegada es el edificio de la CC, que se encuentra ubicado entre las calles Jos\u00e9 Tamayo y Lizandro Garc\u00eda, en el norte de Quito. La instituci\u00f3n permanece cercada de vallas met\u00e1licas desde hace unas semanas.<\/p>\n<p>El recorrido de la movilizaci\u00f3n ser\u00e1 por las avenidas Patria, 6 de Diciembre y terminar\u00e1 en la calle Lizandro Garc\u00eda.<\/p>\n<p>A dos cuadras de la Corte Constitucional, en las avenidas Patria y 6 de Diciembre, junto a la sede de la Casa de la Cultura, se levant\u00f3 una gigantograf\u00eda con fotos de los nueve jueces con la leyenda: \u201cEstos son los jueces que nos est\u00e1n robando la paz\u201d.<\/p>\n<p>El Gobierno ha ratificado en que todas estas acciones no est\u00e1n siendo financiadas con fondos p\u00fablicos.<\/p>\n","protected":false},"excerpt":{"rendered":"<p>A las 11:40 de este martes 12 de agosto, comenz\u00f3 la movilizaci\u00f3n convocada por el presidente Daniel Noboa rumbo a la Corte Constitucional (CC). Portando un chaleco antibalas negro, Noboa lleg\u00f3 a las 11:38 en medio de un fuerte contigente militar y la movilizaci\u00f3n comenz\u00f3 pocos minutos despu\u00e9s. Al mandatario lo acompa\u00f1an varios de sus [&hellip;]<\/p>\n","protected":false},"author":1,"featured_media":14613,"comment_status":"open","ping_status":"open","sticky":false,"template":"","format":"standard","meta":{"footnotes":""},"categories":[12],"tags":[],"_links":{"self":[{"href":"https:\/\/infozamoraec.com\/index.php\/wp-json\/wp\/v2\/posts\/14612"}],"collection":[{"href":"https:\/\/infozamoraec.com\/index.php\/wp-json\/wp\/v2\/posts"}],"about":[{"href":"https:\/\/infozamoraec.com\/index.php\/wp-json\/wp\/v2\/types\/post"}],"author":[{"embeddable":true,"href":"https:\/\/infozamoraec.com\/index.php\/wp-json\/wp\/v2\/users\/1"}],"replies":[{"embeddable":true,"href":"https:\/\/infozamoraec.com\/index.php\/wp-json\/wp\/v2\/comments?post=14612"}],"version-history":[{"count":1,"href":"https:\/\/infozamoraec.com\/index.php\/wp-json\/wp\/v2\/posts\/14612\/revisions"}],"predecessor-version":[{"id":14614,"href":"https:\/\/infozamoraec.com\/index.php\/wp-json\/wp\/v2\/posts\/14612\/revisions\/14614"}],"wp:featuredmedia":[{"embeddable":true,"href":"https:\/\/infozamoraec.com\/index.php\/wp-json\/wp\/v2\/media\/14613"}],"wp:attachment":[{"href":"https:\/\/infozamoraec.com\/index.php\/wp-json\/wp\/v2\/media?parent=14612"}],"wp:term":[{"taxonomy":"category","embeddable":true,"href":"https:\/\/infozamoraec.com\/index.php\/wp-json\/wp\/v2\/categories?post=14612"},{"taxonomy":"post_tag","embeddable":true,"href":"https:\/\/infozamoraec.com\/index.php\/wp-json\/wp\/v2\/tags?post=14612"}],"curies":[{"name":"wp","href":"https:\/\/api.w.org\/{rel}","templated":true}]}}