{"id":14609,"date":"2025-08-13T02:04:02","date_gmt":"2025-08-13T02:04:02","guid":{"rendered":"https:\/\/infozamoraec.com\/?p=14609"},"modified":"2025-08-13T02:04:02","modified_gmt":"2025-08-13T02:04:02","slug":"ciudadanos-exigen-control-y-responsabilidad-tras-muerte-de-12-neonatos-en-guayaquil","status":"publish","type":"post","link":"https:\/\/infozamoraec.com\/index.php\/2025\/08\/13\/ciudadanos-exigen-control-y-responsabilidad-tras-muerte-de-12-neonatos-en-guayaquil\/","title":{"rendered":"Ciudadanos exigen control y responsabilidad tras muerte de 12 neonatos en Guayaquil"},"content":{"rendered":"<p>Indignaci\u00f3n, tristeza y un profundo sentimiento de abandono. Esas son las emociones que despert\u00f3 en los ciudadanos la muerte de 12 reci\u00e9n nacidos en la Unidad de Cuidados Intensivos Neonatal del Hospital Universitario de Guayaquil. La tragedia, ocurrida el pasado 23 de julio, deja al descubierto graves falencias en el sistema de salud p\u00fablica ecuatoriano, y genera un clamor social que exige respuestas, justicia y cambios urgentes.<\/p>\n<p>Seg\u00fan revel\u00f3 el periodista Andersson Bosc\u00e1n en su programa Caf\u00e9 La Posta, los beb\u00e9s fallecieron tras contraer una infecci\u00f3n bacteriana provocada por la reutilizaci\u00f3n de c\u00e1nulas nasales contaminadas, dispositivos que debieron haber sido descartables.<\/p>\n<p>Estas pr\u00e1cticas, realizadas ante la falta de insumos m\u00e9dicos b\u00e1sicos, derivaron en la propagaci\u00f3n de la bacteria Klebsiella pneumoniae productora de carbapenemasa (KPC), altamente resistente a los antibi\u00f3ticos.<\/p>\n<p>\u201cLa vida de estos ni\u00f1os pudo haberse salvado con una inversi\u00f3n de apenas USD 39,60\u201d, denunci\u00f3 Bosc\u00e1n, se\u00f1alando que el hecho no solo es consecuencia de un error, sino de una cadena de negligencias evitables.<\/p>\n<p>M\u00e9dicos del mismo hospital confirmaron la presencia de condiciones insalubres en \u00e1reas que deber\u00edan estar esterilizadas, como rastros de sangre seca, lo que habr\u00eda agravado la situaci\u00f3n de los neonatos vulnerables. Hasta el momento, no se ha emitido un informe oficial de las medidas preventivas que se est\u00e1n implementando en otras unidades m\u00e9dicas del pa\u00eds.<\/p>\n<p><strong>LA CIUDADAN\u00cdA TEME QUE ESTA TRAGEDIA SE REPITA<\/strong><\/p>\n<p>En Machala, Diario Correo recogi\u00f3 testimonios de usuarios del Hospital Te\u00f3filo D\u00e1vila, quienes expresaron su preocupaci\u00f3n frente a la posibilidad de que una situaci\u00f3n similar pueda suceder en su ciudad o en otros hospitales del pa\u00eds.<\/p>\n<p>La ciudadan\u00eda coincide en que esta tragedia saca a la luz el estado cr\u00edtico de los servicios hospitalarios y la urgencia de medidas correctivas.<\/p>\n<p>\u201cEs muy preocupante, porque son ni\u00f1os inocentes. El gobierno debe dar los insumos necesarios. No se puede jugar con la vida\u201d, manifest\u00f3 Mireya Espinoza, quien calific\u00f3 el hecho como una \u201cpena nacional\u201d.<\/p>\n<p>\u201cEsto se puede repetir aqu\u00ed en Machala si no se toman medidas. Tiene que haber m\u00e1s control, m\u00e1s limpieza y dotaci\u00f3n de insumos\u201d, agreg\u00f3 Roc\u00edo S\u00e1nchez, tambi\u00e9n usuaria del hospital.<\/p>\n<p>Uno de los testimonios m\u00e1s impactantes fue el de Jenny Macas, madre de una paciente que lleva una semana internada. Macas relat\u00f3 las dificultades que enfrenta por la falta de insumos en el hospital de Machala, situaci\u00f3n que puso en riesgo la salud de su hija.<\/p>\n<p>\u201cMi hija tuvo un parto complicado y no ha podido retirar unos cat\u00e9teres que deb\u00eda sacarse apenas dio a luz. No hay insumos, ni respuesta del trabajo social. Si pierde el ri\u00f1\u00f3n, \u00bfqui\u00e9n responde? Aqu\u00ed uno tiene que comprar los medicamentos afuera. \u00bfD\u00f3nde est\u00e1n los responsables?\u201d, cuestion\u00f3 con indignaci\u00f3n.<\/p>\n<p><strong>SILENCIO INSTITUCIONAL EN MEDIO DE LA CRISIS<\/strong><\/p>\n<p>Tras la denuncia p\u00fablica y la presi\u00f3n social, el ministro de Salud P\u00fablica, Jimmy Mart\u00edn, anunci\u00f3 algunas acciones administrativas: la separaci\u00f3n del gerente del Hospital Universitario de Guayaquil, el inicio de una investigaci\u00f3n interna y la provisi\u00f3n de apoyo psicol\u00f3gico para los familiares de las v\u00edctimas. Tambi\u00e9n se despleg\u00f3 un equipo t\u00e9cnico al hospital y se activ\u00f3 una alerta epidemiol\u00f3gica.<\/p>\n<p>Sin embargo, la respuesta es insuficiente para calmar el sentir ciudadano. Desde El Oro se intent\u00f3 obtener informaci\u00f3n sobre posibles medidas de prevenci\u00f3n en hospitales de la provincia, pero la Coordinaci\u00f3n Zonal 7 del Ministerio de Salud indic\u00f3 que el tema \u201cse maneja a nivel nacional\u201d, sin entregar detalles sobre controles o acciones espec\u00edficas.<\/p>\n","protected":false},"excerpt":{"rendered":"<p>Indignaci\u00f3n, tristeza y un profundo sentimiento de abandono. Esas son las emociones que despert\u00f3 en los ciudadanos la muerte de 12 reci\u00e9n nacidos en la Unidad de Cuidados Intensivos Neonatal del Hospital Universitario de Guayaquil. La tragedia, ocurrida el pasado 23 de julio, deja al descubierto graves falencias en el sistema de salud p\u00fablica ecuatoriano, [&hellip;]<\/p>\n","protected":false},"author":1,"featured_media":14610,"comment_status":"open","ping_status":"open","sticky":false,"template":"","format":"standard","meta":{"footnotes":""},"categories":[12],"tags":[],"_links":{"self":[{"href":"https:\/\/infozamoraec.com\/index.php\/wp-json\/wp\/v2\/posts\/14609"}],"collection":[{"href":"https:\/\/infozamoraec.com\/index.php\/wp-json\/wp\/v2\/posts"}],"about":[{"href":"https:\/\/infozamoraec.com\/index.php\/wp-json\/wp\/v2\/types\/post"}],"author":[{"embeddable":true,"href":"https:\/\/infozamoraec.com\/index.php\/wp-json\/wp\/v2\/users\/1"}],"replies":[{"embeddable":true,"href":"https:\/\/infozamoraec.com\/index.php\/wp-json\/wp\/v2\/comments?post=14609"}],"version-history":[{"count":1,"href":"https:\/\/infozamoraec.com\/index.php\/wp-json\/wp\/v2\/posts\/14609\/revisions"}],"predecessor-version":[{"id":14611,"href":"https:\/\/infozamoraec.com\/index.php\/wp-json\/wp\/v2\/posts\/14609\/revisions\/14611"}],"wp:featuredmedia":[{"embeddable":true,"href":"https:\/\/infozamoraec.com\/index.php\/wp-json\/wp\/v2\/media\/14610"}],"wp:attachment":[{"href":"https:\/\/infozamoraec.com\/index.php\/wp-json\/wp\/v2\/media?parent=14609"}],"wp:term":[{"taxonomy":"category","embeddable":true,"href":"https:\/\/infozamoraec.com\/index.php\/wp-json\/wp\/v2\/categories?post=14609"},{"taxonomy":"post_tag","embeddable":true,"href":"https:\/\/infozamoraec.com\/index.php\/wp-json\/wp\/v2\/tags?post=14609"}],"curies":[{"name":"wp","href":"https:\/\/api.w.org\/{rel}","templated":true}]}}