{"id":14605,"date":"2025-08-13T02:01:27","date_gmt":"2025-08-13T02:01:27","guid":{"rendered":"https:\/\/infozamoraec.com\/?p=14605"},"modified":"2025-08-13T02:01:27","modified_gmt":"2025-08-13T02:01:27","slug":"cc-denuncio-militarizacion-de-su-sede-y-vallas-con-sus-rostros","status":"publish","type":"post","link":"https:\/\/infozamoraec.com\/index.php\/2025\/08\/13\/cc-denuncio-militarizacion-de-su-sede-y-vallas-con-sus-rostros\/","title":{"rendered":"CC denunci\u00f3 militarizaci\u00f3n de su sede y vallas con sus rostros"},"content":{"rendered":"<p>Se registr\u00f3 fuerte resguardo militar y policial en la marcha anunciada por el presidente Daniel Noboa en protesta contra la suspensi\u00f3n provisional de art\u00edculos clave de tres leyes impulsadas por el Ejecutivo hacia la Corte Constitucional.<\/p>\n<p>A trav\u00e9s de un comunicado, la\u00a0<strong><a title=\"Corte Constitucional\" href=\"https:\/\/x.com\/CorteConstEcu\/status\/1955301260967485598\" target=\"_blank\" rel=\"noopener\">Corte Constitucional<\/a><\/strong>\u00a0denunci\u00f3 que se han militarizado las inmediaciones de\u00a0<strong>la sede del organismo en Quito apareci\u00f3 militarizada<\/strong>. Adem\u00e1s cuestion\u00f3\u00a0<a title=\"las vallas con sus nombres en donde los magistrados denunciaron que aquello es una &quot;estigmatizaci\u00f3n&quot;\" href=\"https:\/\/www.larepublica.ec\/blog\/2025\/08\/12\/jaramillo-dice-que-vallas-en-contra-de-la-cc-no-son-del-gobierno\/\" target=\"_blank\" rel=\"noopener\">las vallas con sus nombres en donde los magistrados denunciaron que aquello es una\u00a0<strong>\u00abestigmatizaci\u00f3n\u00bb<\/strong><\/a>\u00a0y que pone en riesgo la integridad de los jueces.<\/p>\n<p>Tambi\u00e9n dijeron que el vallado, que es un protocolo de seguridad, fue retirado sin previo aviso. Sin embargo, la instiruci\u00f3n\u00a0<strong>tambi\u00e9n a\u00f1adi\u00f3 que valora \u00abel derecho a la libre expresi\u00f3n y a la protesta pac\u00edfica de la ciudadan\u00eda como un pilar de la democracia\u00bb, dijo el organismo<\/strong><\/p>\n<p>Tambi\u00e9n el organismo record\u00f3 que \u00abtodav\u00eda no se ha tomado una decisi\u00f3n oficial\u00bb sobre las leyes enviadas por el presidente Daniel Noboa.<\/p>\n","protected":false},"excerpt":{"rendered":"<p>Se registr\u00f3 fuerte resguardo militar y policial en la marcha anunciada por el presidente Daniel Noboa en protesta contra la suspensi\u00f3n provisional de art\u00edculos clave de tres leyes impulsadas por el Ejecutivo hacia la Corte Constitucional. A trav\u00e9s de un comunicado, la\u00a0Corte Constitucional\u00a0denunci\u00f3 que se han militarizado las inmediaciones de\u00a0la sede del organismo en Quito [&hellip;]<\/p>\n","protected":false},"author":1,"featured_media":14606,"comment_status":"open","ping_status":"open","sticky":false,"template":"","format":"standard","meta":{"footnotes":""},"categories":[12],"tags":[],"_links":{"self":[{"href":"https:\/\/infozamoraec.com\/index.php\/wp-json\/wp\/v2\/posts\/14605"}],"collection":[{"href":"https:\/\/infozamoraec.com\/index.php\/wp-json\/wp\/v2\/posts"}],"about":[{"href":"https:\/\/infozamoraec.com\/index.php\/wp-json\/wp\/v2\/types\/post"}],"author":[{"embeddable":true,"href":"https:\/\/infozamoraec.com\/index.php\/wp-json\/wp\/v2\/users\/1"}],"replies":[{"embeddable":true,"href":"https:\/\/infozamoraec.com\/index.php\/wp-json\/wp\/v2\/comments?post=14605"}],"version-history":[{"count":2,"href":"https:\/\/infozamoraec.com\/index.php\/wp-json\/wp\/v2\/posts\/14605\/revisions"}],"predecessor-version":[{"id":14608,"href":"https:\/\/infozamoraec.com\/index.php\/wp-json\/wp\/v2\/posts\/14605\/revisions\/14608"}],"wp:featuredmedia":[{"embeddable":true,"href":"https:\/\/infozamoraec.com\/index.php\/wp-json\/wp\/v2\/media\/14606"}],"wp:attachment":[{"href":"https:\/\/infozamoraec.com\/index.php\/wp-json\/wp\/v2\/media?parent=14605"}],"wp:term":[{"taxonomy":"category","embeddable":true,"href":"https:\/\/infozamoraec.com\/index.php\/wp-json\/wp\/v2\/categories?post=14605"},{"taxonomy":"post_tag","embeddable":true,"href":"https:\/\/infozamoraec.com\/index.php\/wp-json\/wp\/v2\/tags?post=14605"}],"curies":[{"name":"wp","href":"https:\/\/api.w.org\/{rel}","templated":true}]}}