{"id":14602,"date":"2025-08-13T01:58:05","date_gmt":"2025-08-13T01:58:05","guid":{"rendered":"https:\/\/infozamoraec.com\/?p=14602"},"modified":"2025-08-13T01:58:05","modified_gmt":"2025-08-13T01:58:05","slug":"alto-comisionado-de-onu-tilda-de-inaceptables-ataques-a-corte-constitucional","status":"publish","type":"post","link":"https:\/\/infozamoraec.com\/index.php\/2025\/08\/13\/alto-comisionado-de-onu-tilda-de-inaceptables-ataques-a-corte-constitucional\/","title":{"rendered":"Alto Comisionado de ONU tilda de \u00abinaceptables\u00bb ataques a Corte Constitucional"},"content":{"rendered":"<p>El\u00a0<strong>Alto Comisionado de Naciones Unidas para los Derechos Humanos<\/strong>,\u00a0<strong><a title=\"Volker T\u00fcrk\" href=\"https:\/\/x.com\/volker_turk\" target=\"_blank\" rel=\"noopener\">Volker T\u00fcrk<\/a><\/strong>, expres\u00f3 este martes su rechazo a los ataques contra la Corte Constitucional de Ecuador y los tach\u00f3 de \u00abinaceptables\u00bb, unas declaraciones que se produjeron apenas minutos despu\u00e9s de que finaliz\u00f3 una marcha multitudinaria en la ciudad de Quito, organizada por el presidente\u00a0<strong><a title=\"Daniel Noboa\" href=\"https:\/\/www.larepublica.ec\/blog\/2025\/08\/12\/marcha-de-noboa-empieza-con-pancartas-contra-los-jueces-de-la-corte-constitucional\/\" target=\"_blank\" rel=\"noopener\">Daniel Noboa<\/a><\/strong>, contra las \u00faltimas decisiones del alto tribunal ecuatoriano.<\/p>\n<p><strong>\u00abLas autoridades deben garantizar la independencia de la Corte y la seguridad de los jueces y el personal\u00bb<\/strong>, continu\u00f3 el alto cargo de la ONU en un mensaje difundido en redes sociales.<\/p>\n<p>Por su parte, la relatora de la ONU para la Libertad de Asociaci\u00f3n y Asamblea,\u00a0<strong><a title=\"Gina Romero\" href=\"https:\/\/x.com\/Ginitastar\" target=\"_blank\" rel=\"noopener\">Gina Romero<\/a><\/strong>, hizo un llamado para evitar que se instrumentalice la protesta a voluntad de actores de poder y que se manipulen necesidades de la ciudadan\u00eda o intereses de movimientos sociales para\u00a0<strong>\u00abjustificar hostigamientos contra el poder judicial\u00bb.<\/strong><\/p>\n<p>La organizaci\u00f3n no gubernamental\u00a0<strong>Amnist\u00eda Internacional<\/strong>\u00a0(AI) tambi\u00e9n se posicion\u00f3 al respecto, al defender que la Corte Constitucional debe operar sin presiones pol\u00edticas y reclamar al presidente que respete la independencia judicial, esencial para garantizar y proteger los derechos humanos.<\/p>\n<p>El\u00a0<strong>Washington Office on Latin America (WOLA)<\/strong>\u00a0defendi\u00f3 que la independencia judicial no puede ser opcional y que es la base de toda democracia.<\/p>\n<p>Adem\u00e1s, el presidente de la Corte Nacional de Justicia (la m\u00e1xima instancia dentro de la justicia ordinaria de Ecuador), Jos\u00e9 Suing, hizo un llamado a instituciones p\u00fablicas y sociedad civil para crear espacios de di\u00e1logo y as\u00ed encontrar \u00absoluciones adecuadas y viables\u00bb a la tensa situaci\u00f3n que enfrenta el pa\u00eds.<\/p>\n<p>Las reacciones se producen despu\u00e9s de que, la ma\u00f1ana de este martes, el presidente de Ecuador,\u00a0<strong>Daniel Noboa<\/strong>, liderara una\u00a0<strong>manifestaci\u00f3n contra los jueces de la Corte Constitucional para rechazar su decisi\u00f3n de suspender parcialmente algunos art\u00edculos de las \u00faltimas leyes aprobadas<\/strong>, envueltas en mucha pol\u00e9mica al acumular numerosas denuncias por posibles vulneraciones de derechos fundamentales.<\/p>\n<p>Entre esos art\u00edculos figuran el que le confieren al mandatario prerrogativas como el \u00abindulto anticipado\u00bb a polic\u00edas y militares, as\u00ed como un sistema de inteligencia que permite agentes encubiertos con identidad falsas y obtener de las empresas de telefon\u00eda informaci\u00f3n sobre sus usuarios.<\/p>\n<p>Los art\u00edculos forman parte de las leyes de Solidaridad, Inteligencia e Integridad P\u00fablica, que fueron aprobadas en la Asamblea Nacional (Parlamento), controlada por el oficialismo, por la v\u00eda econ\u00f3mica urgente propuesta por el presidente. Esta modalidad legislativa permite aprobar leyes en un plazo inferior de 30 d\u00edas.<\/p>\n<p>A la marcha contra la decisi\u00f3n judicial tambi\u00e9n llegaron otros ministros del Ejecutivo como el de Interior, John Reimberg, y\u00a0<strong>el titular de Defensa, Gian Carlo Loffredo<\/strong>.<\/p>\n","protected":false},"excerpt":{"rendered":"<p>El\u00a0Alto Comisionado de Naciones Unidas para los Derechos Humanos,\u00a0Volker T\u00fcrk, expres\u00f3 este martes su rechazo a los ataques contra la Corte Constitucional de Ecuador y los tach\u00f3 de \u00abinaceptables\u00bb, unas declaraciones que se produjeron apenas minutos despu\u00e9s de que finaliz\u00f3 una marcha multitudinaria en la ciudad de Quito, organizada por el presidente\u00a0Daniel Noboa, contra las [&hellip;]<\/p>\n","protected":false},"author":1,"featured_media":14603,"comment_status":"open","ping_status":"open","sticky":false,"template":"","format":"standard","meta":{"footnotes":""},"categories":[12],"tags":[],"_links":{"self":[{"href":"https:\/\/infozamoraec.com\/index.php\/wp-json\/wp\/v2\/posts\/14602"}],"collection":[{"href":"https:\/\/infozamoraec.com\/index.php\/wp-json\/wp\/v2\/posts"}],"about":[{"href":"https:\/\/infozamoraec.com\/index.php\/wp-json\/wp\/v2\/types\/post"}],"author":[{"embeddable":true,"href":"https:\/\/infozamoraec.com\/index.php\/wp-json\/wp\/v2\/users\/1"}],"replies":[{"embeddable":true,"href":"https:\/\/infozamoraec.com\/index.php\/wp-json\/wp\/v2\/comments?post=14602"}],"version-history":[{"count":1,"href":"https:\/\/infozamoraec.com\/index.php\/wp-json\/wp\/v2\/posts\/14602\/revisions"}],"predecessor-version":[{"id":14604,"href":"https:\/\/infozamoraec.com\/index.php\/wp-json\/wp\/v2\/posts\/14602\/revisions\/14604"}],"wp:featuredmedia":[{"embeddable":true,"href":"https:\/\/infozamoraec.com\/index.php\/wp-json\/wp\/v2\/media\/14603"}],"wp:attachment":[{"href":"https:\/\/infozamoraec.com\/index.php\/wp-json\/wp\/v2\/media?parent=14602"}],"wp:term":[{"taxonomy":"category","embeddable":true,"href":"https:\/\/infozamoraec.com\/index.php\/wp-json\/wp\/v2\/categories?post=14602"},{"taxonomy":"post_tag","embeddable":true,"href":"https:\/\/infozamoraec.com\/index.php\/wp-json\/wp\/v2\/tags?post=14602"}],"curies":[{"name":"wp","href":"https:\/\/api.w.org\/{rel}","templated":true}]}}