{"id":14564,"date":"2025-08-09T02:34:10","date_gmt":"2025-08-09T02:34:10","guid":{"rendered":"https:\/\/infozamoraec.com\/?p=14564"},"modified":"2025-08-09T02:34:10","modified_gmt":"2025-08-09T02:34:10","slug":"alicia-villarreal-ya-esta-oficialmente-divorciada-tras-descubrir-infidelidad","status":"publish","type":"post","link":"https:\/\/infozamoraec.com\/index.php\/2025\/08\/09\/alicia-villarreal-ya-esta-oficialmente-divorciada-tras-descubrir-infidelidad\/","title":{"rendered":"Alicia Villarreal ya est\u00e1 oficialmente divorciada tras descubrir infidelidad"},"content":{"rendered":"<p data-mrf-recirculation=\"PrimeraHora - Article Body\"><a title=\"https:\/\/www.primerahora.com\/entretenimiento\/farandula\/notas\/cantante-alicia-villarreal-habria-terminado-en-el-hospital-tras-agresion-por-parte-de-su-esposo\/\" href=\"https:\/\/www.primerahora.com\/entretenimiento\/farandula\/notas\/cantante-alicia-villarreal-habria-terminado-en-el-hospital-tras-agresion-por-parte-de-su-esposo\/\" target=\"_self\" rel=\"noopener\" data-mrf-link=\"https:\/\/www.primerahora.com\/entretenimiento\/farandula\/notas\/cantante-alicia-villarreal-habria-terminado-en-el-hospital-tras-agresion-por-parte-de-su-esposo\/\"><b>Alicia Villarreal<\/b><\/a>\u00a0ya es una mujer soltera. La cantante confirm\u00f3 que su matrimonio con Cruz Mart\u00ednez fue<b>\u00a0disuelto de manera oficial<\/b>, tras m\u00e1s de dos d\u00e9cadas de matrimonio.<\/p>\n<p data-mrf-recirculation=\"PrimeraHora - Article Body\">En entrevista con el programa \u201cVentaneando\u201d, la int\u00e9rprete de \u201cTe qued\u00f3 grande la yegua\u201d explic\u00f3 que resoluci\u00f3n fue dada este pasado<b>\u00a06 de agosto<\/b>\u00a0a trav\u00e9s de una\u00a0<b>audiencia virtual<\/b>.<\/p>\n<p data-mrf-recirculation=\"PrimeraHora - Article Body\">\u201cLlegamos al fin de un primer ciclo que se ten\u00eda que cerrar y concluir bien. Ya podemos decir que uno ya lo concluy\u00f3\u201d, dijo.<\/p>\n<p data-mrf-recirculation=\"PrimeraHora - Article Body\">Alicia, reconoci\u00f3 que, a pesar de sus separaci\u00f3n, comparte con Cruz una historia y una familia (son padres de dos ni\u00f1os); sin embargo, tras haberlo\u00a0<b>denunciado por violencia, a<\/b>segur\u00f3 que\u00a0<b>obtener su libertad era imprescindible<\/b>:<\/p>\n<p data-mrf-recirculation=\"PrimeraHora - Article Body\">\u201cEra importante llegar a ese punto de lograr mi libertad, necesitaba salir de donde no me hab\u00eda ido bien\u201d, agreg\u00f3.<\/p>\n<p data-mrf-recirculation=\"PrimeraHora - Article Body\">La mexicana inici\u00f3 con el\u00a0<b>proceso de divorcio en 2023<\/b>, cuando unas fotograf\u00edas desataron los rumores de una\u00a0<b>presunta infidelidad<\/b>. En las im\u00e1genes, se pod\u00eda ver al m\u00fasico y productor en compa\u00f1\u00eda de una joven mujer, a quien, presuntamente, ayudaba con su carrera art\u00edstica.<\/p>\n<p data-mrf-recirculation=\"PrimeraHora - Article Body\">La pareja se cas\u00f3 en los Estados Unidos, es por ello que, cont\u00f3 la artista, la resoluci\u00f3n tard\u00f3 en llegar.<\/p>\n<p data-mrf-recirculation=\"PrimeraHora - Article Body\">\u201cTen\u00eda que hacer muchos tr\u00e1mites y eso no corre r\u00e1pido. (Con mis abogados) Trabajamos a marcha forzada, hicimos un gran equipo y lo pudimos lograr\u201d.<\/p>\n<p data-mrf-recirculation=\"PrimeraHora - Article Body\">Este a\u00f1o, Villarreal denunci\u00f3 (en M\u00e9xico) a Mart\u00ednez por<b>violencia intrafamiliar<\/b>; incluso, las autoridades emitieron una orden de restricci\u00f3n para su ahora exesposo. El caso sigue abierto y en espera de que se realice la siguiente audiencia.<\/p>\n","protected":false},"excerpt":{"rendered":"<p>Alicia Villarreal\u00a0ya es una mujer soltera. La cantante confirm\u00f3 que su matrimonio con Cruz Mart\u00ednez fue\u00a0disuelto de manera oficial, tras m\u00e1s de dos d\u00e9cadas de matrimonio. En entrevista con el programa \u201cVentaneando\u201d, la int\u00e9rprete de \u201cTe qued\u00f3 grande la yegua\u201d explic\u00f3 que resoluci\u00f3n fue dada este pasado\u00a06 de agosto\u00a0a trav\u00e9s de una\u00a0audiencia virtual. \u201cLlegamos al [&hellip;]<\/p>\n","protected":false},"author":1,"featured_media":14565,"comment_status":"open","ping_status":"open","sticky":false,"template":"","format":"standard","meta":{"footnotes":""},"categories":[44],"tags":[],"_links":{"self":[{"href":"https:\/\/infozamoraec.com\/index.php\/wp-json\/wp\/v2\/posts\/14564"}],"collection":[{"href":"https:\/\/infozamoraec.com\/index.php\/wp-json\/wp\/v2\/posts"}],"about":[{"href":"https:\/\/infozamoraec.com\/index.php\/wp-json\/wp\/v2\/types\/post"}],"author":[{"embeddable":true,"href":"https:\/\/infozamoraec.com\/index.php\/wp-json\/wp\/v2\/users\/1"}],"replies":[{"embeddable":true,"href":"https:\/\/infozamoraec.com\/index.php\/wp-json\/wp\/v2\/comments?post=14564"}],"version-history":[{"count":1,"href":"https:\/\/infozamoraec.com\/index.php\/wp-json\/wp\/v2\/posts\/14564\/revisions"}],"predecessor-version":[{"id":14566,"href":"https:\/\/infozamoraec.com\/index.php\/wp-json\/wp\/v2\/posts\/14564\/revisions\/14566"}],"wp:featuredmedia":[{"embeddable":true,"href":"https:\/\/infozamoraec.com\/index.php\/wp-json\/wp\/v2\/media\/14565"}],"wp:attachment":[{"href":"https:\/\/infozamoraec.com\/index.php\/wp-json\/wp\/v2\/media?parent=14564"}],"wp:term":[{"taxonomy":"category","embeddable":true,"href":"https:\/\/infozamoraec.com\/index.php\/wp-json\/wp\/v2\/categories?post=14564"},{"taxonomy":"post_tag","embeddable":true,"href":"https:\/\/infozamoraec.com\/index.php\/wp-json\/wp\/v2\/tags?post=14564"}],"curies":[{"name":"wp","href":"https:\/\/api.w.org\/{rel}","templated":true}]}}